{"id":1970,"date":"2025-05-18T06:31:00","date_gmt":"2025-05-18T06:31:00","guid":{"rendered":"https:\/\/pasahoy.com.ar\/ph\/?p=1970"},"modified":"2025-05-18T06:31:00","modified_gmt":"2025-05-18T06:31:00","slug":"destacan-el-compromiso-de-la-rioja-en-el-abordaje-integral-de-la-salud-mental","status":"publish","type":"post","link":"https:\/\/pasahoy.com.ar\/ph\/destacan-el-compromiso-de-la-rioja-en-el-abordaje-integral-de-la-salud-mental\/","title":{"rendered":"Destacan el compromiso de La Rioja en el abordaje integral de la salud mental"},"content":{"rendered":"\n<p><em>La visita de una representante de la Organizaci\u00f3n Panamericana de la Salud permiti\u00f3 visibilizar los avances locales en la implementaci\u00f3n de dispositivos comunitarios, el fortalecimiento del trabajo en red y la transformaci\u00f3n del modelo de atenci\u00f3n en salud mental.<\/em><\/p>\n\n\n\n<figure class=\"wp-block-gallery has-nested-images columns-default is-cropped wp-block-gallery-1 is-layout-flex wp-block-gallery-is-layout-flex\">\n<figure class=\"wp-block-image size-large\"><img loading=\"lazy\" decoding=\"async\" width=\"1024\" height=\"682\" data-id=\"1971\" src=\"https:\/\/pasahoy.com.ar\/ph\/wp-content\/uploads\/2025\/05\/1000346069-1024x682.jpg\" alt=\"\" class=\"wp-image-1971\" srcset=\"https:\/\/pasahoy.com.ar\/ph\/wp-content\/uploads\/2025\/05\/1000346069-1024x682.jpg 1024w, https:\/\/pasahoy.com.ar\/ph\/wp-content\/uploads\/2025\/05\/1000346069-300x200.jpg 300w, https:\/\/pasahoy.com.ar\/ph\/wp-content\/uploads\/2025\/05\/1000346069-768x512.jpg 768w, https:\/\/pasahoy.com.ar\/ph\/wp-content\/uploads\/2025\/05\/1000346069-1536x1023.jpg 1536w, https:\/\/pasahoy.com.ar\/ph\/wp-content\/uploads\/2025\/05\/1000346069.jpg 1600w\" sizes=\"auto, (max-width: 1024px) 100vw, 1024px\" \/><\/figure>\n\n\n\n<figure class=\"wp-block-image size-large\"><img loading=\"lazy\" decoding=\"async\" width=\"1024\" height=\"682\" data-id=\"1972\" src=\"https:\/\/pasahoy.com.ar\/ph\/wp-content\/uploads\/2025\/05\/1000346070-1024x682.jpg\" alt=\"\" class=\"wp-image-1972\" srcset=\"https:\/\/pasahoy.com.ar\/ph\/wp-content\/uploads\/2025\/05\/1000346070-1024x682.jpg 1024w, https:\/\/pasahoy.com.ar\/ph\/wp-content\/uploads\/2025\/05\/1000346070-300x200.jpg 300w, https:\/\/pasahoy.com.ar\/ph\/wp-content\/uploads\/2025\/05\/1000346070-768x512.jpg 768w, https:\/\/pasahoy.com.ar\/ph\/wp-content\/uploads\/2025\/05\/1000346070-1536x1023.jpg 1536w, https:\/\/pasahoy.com.ar\/ph\/wp-content\/uploads\/2025\/05\/1000346070.jpg 1600w\" sizes=\"auto, (max-width: 1024px) 100vw, 1024px\" \/><\/figure>\n<\/figure>\n\n\n\n<p>Este mi\u00e9rcoles se llev\u00f3 a cabo un nuevo encuentro de la Mesa Interinstitucional de Salud Mental, con el prop\u00f3sito de fortalecer una atenci\u00f3n m\u00e1s articulada y de calidad, involucrando a m\u00faltiples actores sociales. En este marco, la consultora nacional en Salud Mental y Adicciones de la Organizaci\u00f3n Panamericana de la Salud (OPS) en Argentina, Dra. Liliana Urbina, destac\u00f3 las acciones desarrolladas por la Provincia en esta materia.<br>La Mesa Interinstitucional es un espacio de articulaci\u00f3n impulsado por el Ministerio de Salud de La Rioja para encarar los desaf\u00edos en salud mental de manera integral y con un enfoque interdisciplinario. Promueve el trabajo conjunto entre organismos y profesionales, orientado a la promoci\u00f3n, prevenci\u00f3n, tratamiento y rehabilitaci\u00f3n de los padecimientos mentales.<br>En este marco, la secretaria de Salud, Marcia Ticac, se\u00f1al\u00f3 que \u201choy se realiza la octava reuni\u00f3n de esta mesa interinstitucional e interdisciplinaria, cuyo fin es consolidar redes de atenci\u00f3n en salud mental, unificando criterios y estableciendo metas comunes\u201d. Asimismo, valor\u00f3 la participaci\u00f3n de la representante de la OPS, quien -dijo- \u201cnos brindar\u00e1 asistencia t\u00e9cnica y permitir\u00e1 seguir avanzando bajo los est\u00e1ndares de calidad propuestos por la organizaci\u00f3n en esta materia\u201d.<br>De igual manera, Ticac subray\u00f3 que \u201ca partir de la Iniciativa Especial para la Salud Mental de la OPS, el Ministerio asume el compromiso de transformar el modelo de atenci\u00f3n, en consonancia con la Ley Nacional de Salud Mental y con la reciente reforma de la Constituci\u00f3n Provincial, que en su art\u00edculo 71 reconoce espec\u00edficamente este derecho\u201d.<br>En esa l\u00ednea, la funcionaria destac\u00f3 la reciente inauguraci\u00f3n del dispositivo intermedio \u201cEl Puente\u201d, un recurso clave en el proceso de desinstitucionalizaci\u00f3n de personas con internaciones prolongadas en el Servicio de Salud Mental del Hospital Vera Barros. \u201cEste espacio facilitar\u00e1 la reintegraci\u00f3n social, laboral y familiar de quienes llevan internados m\u00e1s de cinco a\u00f1os\u201d, explic\u00f3.<\/p>\n\n\n\n<p><em>Seguir invirtiendo en salud mental<\/em><br>Por su parte, la Dra. Urbina remarc\u00f3 que la Mesa Interinstitucional \u201cforma parte de una estrategia m\u00e1s amplia que abarca m\u00faltiples dimensiones del campo de la salud mental, en colaboraci\u00f3n entre la OPS y el Gobierno provincial desde fines de 2022\u201d.<br>Adem\u00e1s, celebr\u00f3 la apertura del Centro de D\u00eda \u201cEl Puente\u201d, al que consider\u00f3 un avance fundamental en la implementaci\u00f3n de servicios comunitarios: \u201cEste tipo de dispositivos acercan la atenci\u00f3n a los territorios, haciendo los servicios m\u00e1s accesibles y adecuados a las necesidades reales de las personas\u201d, expres\u00f3.<br>La representante del organismo internacional tambi\u00e9n subray\u00f3 la importancia del trabajo en red al afirmar que \u201cespacios como esta mesa, que re\u00fane a todos los actores del sistema, son fundamentales para avanzar hacia un cambio de paradigma. Dejar atr\u00e1s la l\u00f3gica del encierro, el aislamiento y la segregaci\u00f3n, que a\u00fan persisten como consecuencia del estigma, es posible con un sistema articulado y comprometido\u201d.<br>Finalmente, Urbina elogi\u00f3 el accionar de los equipos locales, se\u00f1alando que \u00abqued\u00e9 gratamente impresionada. Luego del acto de apertura, mantuvimos una reuni\u00f3n con los distintos dispositivos de atenci\u00f3n, y es evidente el esfuerzo que se est\u00e1 haciendo, aunque a\u00fan no tenga la visibilidad que merece\u201d. Y concluy\u00f3: \u201cHe visto equipos decididos, comprometidos con sus objetivos y con vocaci\u00f3n de hacer las cosas bien. Cuando eso existe, es posible avanzar. Es necesario seguir invirtiendo en salud mental. Desde nuestra perspectiva, lo que se est\u00e1 haciendo en La Rioja es digno de reconocimiento\u201d.<\/p>\n","protected":false},"excerpt":{"rendered":"<p>La visita de una representante de la Organizaci\u00f3n Panamericana de la Salud permiti\u00f3 visibilizar los avances locales en la implementaci\u00f3n de dispositivos comunitarios, el fortalecimiento del trabajo en red y la transformaci\u00f3n del modelo de atenci\u00f3n en salud mental. Este mi\u00e9rcoles se llev\u00f3 a cabo un nuevo encuentro de la Mesa Interinstitucional de Salud Mental, [&hellip;]<\/p>\n","protected":false},"author":3,"featured_media":1971,"comment_status":"open","ping_status":"open","sticky":false,"template":"","format":"standard","meta":{"_jetpack_memberships_contains_paid_content":false,"footnotes":""},"categories":[1],"tags":[],"class_list":["post-1970","post","type-post","status-publish","format-standard","has-post-thumbnail","hentry","category-local"],"jetpack_featured_media_url":"https:\/\/pasahoy.com.ar\/ph\/wp-content\/uploads\/2025\/05\/1000346069.jpg","jetpack_sharing_enabled":true,"_links":{"self":[{"href":"https:\/\/pasahoy.com.ar\/ph\/wp-json\/wp\/v2\/posts\/1970","targetHints":{"allow":["GET"]}}],"collection":[{"href":"https:\/\/pasahoy.com.ar\/ph\/wp-json\/wp\/v2\/posts"}],"about":[{"href":"https:\/\/pasahoy.com.ar\/ph\/wp-json\/wp\/v2\/types\/post"}],"author":[{"embeddable":true,"href":"https:\/\/pasahoy.com.ar\/ph\/wp-json\/wp\/v2\/users\/3"}],"replies":[{"embeddable":true,"href":"https:\/\/pasahoy.com.ar\/ph\/wp-json\/wp\/v2\/comments?post=1970"}],"version-history":[{"count":1,"href":"https:\/\/pasahoy.com.ar\/ph\/wp-json\/wp\/v2\/posts\/1970\/revisions"}],"predecessor-version":[{"id":1973,"href":"https:\/\/pasahoy.com.ar\/ph\/wp-json\/wp\/v2\/posts\/1970\/revisions\/1973"}],"wp:featuredmedia":[{"embeddable":true,"href":"https:\/\/pasahoy.com.ar\/ph\/wp-json\/wp\/v2\/media\/1971"}],"wp:attachment":[{"href":"https:\/\/pasahoy.com.ar\/ph\/wp-json\/wp\/v2\/media?parent=1970"}],"wp:term":[{"taxonomy":"category","embeddable":true,"href":"https:\/\/pasahoy.com.ar\/ph\/wp-json\/wp\/v2\/categories?post=1970"},{"taxonomy":"post_tag","embeddable":true,"href":"https:\/\/pasahoy.com.ar\/ph\/wp-json\/wp\/v2\/tags?post=1970"}],"curies":[{"name":"wp","href":"https:\/\/api.w.org\/{rel}","templated":true}]}}