{"id":1957,"date":"2025-05-16T19:03:48","date_gmt":"2025-05-16T19:03:48","guid":{"rendered":"https:\/\/pasahoy.com.ar\/ph\/?p=1957"},"modified":"2025-05-16T19:03:58","modified_gmt":"2025-05-16T19:03:58","slug":"que-dijo-franco-colapinto-despues-de-su-primera-experiencia-con-el-alpine-a525-en-imola","status":"publish","type":"post","link":"https:\/\/pasahoy.com.ar\/ph\/que-dijo-franco-colapinto-despues-de-su-primera-experiencia-con-el-alpine-a525-en-imola\/","title":{"rendered":"Qu\u00e9 dijo Franco Colapinto despu\u00e9s de su primera experiencia con el Alpine A525 en Imola"},"content":{"rendered":"\n<p>Flavio Briatore, asesor de Alpine,\u00a0<a href=\"https:\/\/www.ole.com.ar\/autos\/frnco-colapinto-briatore-carreras-colapinto-rato_0_wPOlUHbeoG.html\">dijo que\u00a0<\/a><strong><a href=\"https:\/\/www.ole.com.ar\/autos\/frnco-colapinto-briatore-carreras-colapinto-rato_0_wPOlUHbeoG.html\">Franco Colapinto<\/a><\/strong><a href=\"https:\/\/www.ole.com.ar\/autos\/frnco-colapinto-briatore-carreras-colapinto-rato_0_wPOlUHbeoG.html\">\u00a0correr\u00e1 para siempre si consigue ser veloz, no chocar y sumar puntos<\/a>. En su primer d\u00eda como piloto titular del equipo, en su reestreno en la F\u00f3rmula 1,\u00a0<strong>tach\u00f3 dos de los tres \u00edtems<\/strong>: no tuvo ning\u00fan despiste, como s\u00ed les pas\u00f3 a Gabriel Bortoleto (Sauber) y Isack Hadjar (Racing Bulls), y anduvo r\u00e1pido en la segunda pr\u00e1ctica, despu\u00e9s de una FP1 en la que se dedic\u00f3 a aclimatarse y hallar el mejor reglaje para el A525. Despu\u00e9s de semejante jornada,\u00a0<strong>el pilarense pas\u00f3 por los micr\u00f3fonos<\/strong>.<\/p>\n\n\n\n<p>Buen primer d\u00eda en Imola, estoy contento de volver y agradecido con Alpine por la oportunidad. De a poco, dando unos pasitos hacia adelante.&nbsp;<strong>Hay mucho por aprender y por seguir entendiendo, pero fue un buen d\u00eda en general<\/strong>\u00ab, analiz\u00f3 el piloto de 21 a\u00f1os, cuyas \u00fanicas experiencias en un monoplaza de Alpine hab\u00edan sido con la versi\u00f3n 2023 (el A525, probado en Monza y Zandvoort).<\/p>\n\n\n\n<p>Franco fue de menor a mayor y se prev\u00e9 que utilice el tercer ensayo, antesala de la qualy, para los \u00faltimos preparativos. Despu\u00e9s de eso,&nbsp;<strong>ser\u00e1 turno de acelerar a fondo y pelear por posiciones<\/strong>. \u00abHay que entender muchas cosas de la data por la noche, seguir progresando y volver un poco m\u00e1s fuertes ma\u00f1ana. Estoy adapt\u00e1ndome al auto, al equipo, a los ingenieros&#8230;<strong>&nbsp;Seguramente que vamos a dar un pasito m\u00e1s ma\u00f1ana<\/strong>\u00ab.<\/p>\n\n\n\n<figure class=\"wp-block-gallery has-nested-images columns-default is-cropped wp-block-gallery-1 is-layout-flex wp-block-gallery-is-layout-flex\">\n<figure class=\"wp-block-image size-large\"><img loading=\"lazy\" decoding=\"async\" width=\"937\" height=\"504\" data-id=\"1958\" src=\"https:\/\/pasahoy.com.ar\/ph\/wp-content\/uploads\/2025\/05\/1000342994.png\" alt=\"\" class=\"wp-image-1958\" srcset=\"https:\/\/pasahoy.com.ar\/ph\/wp-content\/uploads\/2025\/05\/1000342994.png 937w, https:\/\/pasahoy.com.ar\/ph\/wp-content\/uploads\/2025\/05\/1000342994-300x161.png 300w, https:\/\/pasahoy.com.ar\/ph\/wp-content\/uploads\/2025\/05\/1000342994-768x413.png 768w\" sizes=\"auto, (max-width: 937px) 100vw, 937px\" \/><\/figure>\n<\/figure>\n","protected":false},"excerpt":{"rendered":"<p>Flavio Briatore, asesor de Alpine,\u00a0dijo que\u00a0Franco Colapinto\u00a0correr\u00e1 para siempre si consigue ser veloz, no chocar y sumar puntos. En su primer d\u00eda como piloto titular del equipo, en su reestreno en la F\u00f3rmula 1,\u00a0tach\u00f3 dos de los tres \u00edtems: no tuvo ning\u00fan despiste, como s\u00ed les pas\u00f3 a Gabriel Bortoleto (Sauber) y Isack Hadjar (Racing [&hellip;]<\/p>\n","protected":false},"author":3,"featured_media":1958,"comment_status":"open","ping_status":"open","sticky":false,"template":"","format":"standard","meta":{"_jetpack_memberships_contains_paid_content":false,"footnotes":""},"categories":[4],"tags":[],"class_list":["post-1957","post","type-post","status-publish","format-standard","has-post-thumbnail","hentry","category-deporte"],"jetpack_featured_media_url":"https:\/\/pasahoy.com.ar\/ph\/wp-content\/uploads\/2025\/05\/1000342994.png","jetpack_sharing_enabled":true,"_links":{"self":[{"href":"https:\/\/pasahoy.com.ar\/ph\/wp-json\/wp\/v2\/posts\/1957","targetHints":{"allow":["GET"]}}],"collection":[{"href":"https:\/\/pasahoy.com.ar\/ph\/wp-json\/wp\/v2\/posts"}],"about":[{"href":"https:\/\/pasahoy.com.ar\/ph\/wp-json\/wp\/v2\/types\/post"}],"author":[{"embeddable":true,"href":"https:\/\/pasahoy.com.ar\/ph\/wp-json\/wp\/v2\/users\/3"}],"replies":[{"embeddable":true,"href":"https:\/\/pasahoy.com.ar\/ph\/wp-json\/wp\/v2\/comments?post=1957"}],"version-history":[{"count":1,"href":"https:\/\/pasahoy.com.ar\/ph\/wp-json\/wp\/v2\/posts\/1957\/revisions"}],"predecessor-version":[{"id":1959,"href":"https:\/\/pasahoy.com.ar\/ph\/wp-json\/wp\/v2\/posts\/1957\/revisions\/1959"}],"wp:featuredmedia":[{"embeddable":true,"href":"https:\/\/pasahoy.com.ar\/ph\/wp-json\/wp\/v2\/media\/1958"}],"wp:attachment":[{"href":"https:\/\/pasahoy.com.ar\/ph\/wp-json\/wp\/v2\/media?parent=1957"}],"wp:term":[{"taxonomy":"category","embeddable":true,"href":"https:\/\/pasahoy.com.ar\/ph\/wp-json\/wp\/v2\/categories?post=1957"},{"taxonomy":"post_tag","embeddable":true,"href":"https:\/\/pasahoy.com.ar\/ph\/wp-json\/wp\/v2\/tags?post=1957"}],"curies":[{"name":"wp","href":"https:\/\/api.w.org\/{rel}","templated":true}]}}