{"id":1954,"date":"2025-05-16T19:00:58","date_gmt":"2025-05-16T19:00:58","guid":{"rendered":"https:\/\/pasahoy.com.ar\/ph\/?p=1954"},"modified":"2025-05-16T19:00:58","modified_gmt":"2025-05-16T19:00:58","slug":"detectaron-dos-casos-de-varicela-en-la-escuela-normal-secundaria","status":"publish","type":"post","link":"https:\/\/pasahoy.com.ar\/ph\/detectaron-dos-casos-de-varicela-en-la-escuela-normal-secundaria\/","title":{"rendered":"Detectaron dos casos de varicela en la Escuela Normal Secundaria"},"content":{"rendered":"\n<p>As\u00ed lo confirm\u00f3, la directora general de Epidemiolog\u00eda del Ministerio de Salud de La Rioja, Salom\u00e9 Renalli y resalt\u00f3 que se encuentran trabajando en medidas preventivas para evitar m\u00e1s contagios. <\/p>\n\n\n\n<p>Primeramente, la profesional indic\u00f3 \u201chemos tenidos la confirmaci\u00f3n de dos casos, por el momento,&nbsp;de varicela en alumnos de 1\u00b0 a\u00f1o de la Escuela Normal\u201d, se\u00f1al\u00f3.<\/p>\n\n\n\n<p>En este punto, subray\u00f3 que ya se encuentran trabajando con personal del Ministerio de Educaci\u00f3n y autoridades escolares para \u201ccontener la situaci\u00f3n y prevenir nuevos contagios. Se est\u00e1 realizando un proceso de desinfecci\u00f3n en el aula, se est\u00e1n reforzando las medidas preventivas de higiene, de ventilaci\u00f3n de aulas y monitoreando la sintomatolog\u00eda de alumnos\u201d, precis\u00f3.<\/p>\n\n\n\n<p>Se\u00f1al\u00f3 que \u201cno hay que cerrar la escuela, los alumnos sanos tienen que seguir concurriendo al establecimiento, s\u00ed se aisl\u00f3 a los alumnos afectados hasta su recuperaci\u00f3n para no contagiar\u201d.<\/p>\n\n\n\n<p>Sostuvo que el contagio se produce con el contacto directo con las lesiones que presenta la varicela que se generan en la piel o a trav\u00e9s del aire \u201cpor eso es muy importante la ventilaci\u00f3n cruzada y evitar asistir a la escuela cuando se est\u00e1 enfermo\u201d, expres\u00f3 y advirti\u00f3 que \u201cno hemos podido determinar el foco de contagio, pero estamos trabajando para evitar que sigan apareciendo casos en el \u00e1mbito escolar\u201d. <\/p>\n\n\n\n<p><strong>S\u00edntomas y medidas preventivas<\/strong><\/p>\n\n\n\n<p>Renalli, indic\u00f3 que dentro de los s\u00edntomas se presenta la fiebre, cansancio y aparecen granitos en la piel, \u201ces muy importante que los pap\u00e1s lo tengan en cuenta para que cuando comiencen con los s\u00edntomas concurran de manera inmediata al m\u00e9dico y no asistan a la escuela\u201d.<\/p>\n\n\n\n<p>Subray\u00f3 que el calendario de vacunaci\u00f3n \u201ces muy importante, la vacuna contra la varicela est\u00e1 dentro del calendario y se aplica de manera gratuita. La primera dosis es a partir de los 15 meses, y a partir del 2022, se determin\u00f3 otra a los 5 a\u00f1os\u201d.<\/p>\n\n\n\n<p>Por \u00faltimo, enfatiz\u00f3 que \u201ces muy importante completar el esquema de vacunaci\u00f3n. Con esta enfermedad se generan casos leves en ni\u00f1os sanos, pero puede tener complicaciones en beb\u00e9s, adolescentes y adultos que tienen alguna comorbilidad o el sistema inmunol\u00f3gico comprometido, por eso es importante la vacunaci\u00f3n\u201d.&nbsp;<\/p>\n\n\n\n<figure class=\"wp-block-gallery has-nested-images columns-default is-cropped wp-block-gallery-1 is-layout-flex wp-block-gallery-is-layout-flex\">\n<figure class=\"wp-block-image size-large\"><img loading=\"lazy\" decoding=\"async\" width=\"603\" height=\"1024\" data-id=\"1955\" src=\"https:\/\/pasahoy.com.ar\/ph\/wp-content\/uploads\/2025\/05\/1000342985-603x1024.png\" alt=\"\" class=\"wp-image-1955\" srcset=\"https:\/\/pasahoy.com.ar\/ph\/wp-content\/uploads\/2025\/05\/1000342985-603x1024.png 603w, https:\/\/pasahoy.com.ar\/ph\/wp-content\/uploads\/2025\/05\/1000342985-177x300.png 177w, https:\/\/pasahoy.com.ar\/ph\/wp-content\/uploads\/2025\/05\/1000342985.png 658w\" sizes=\"auto, (max-width: 603px) 100vw, 603px\" \/><\/figure>\n<\/figure>\n","protected":false},"excerpt":{"rendered":"<p>As\u00ed lo confirm\u00f3, la directora general de Epidemiolog\u00eda del Ministerio de Salud de La Rioja, Salom\u00e9 Renalli y resalt\u00f3 que se encuentran trabajando en medidas preventivas para evitar m\u00e1s contagios. Primeramente, la profesional indic\u00f3 \u201chemos tenidos la confirmaci\u00f3n de dos casos, por el momento,&nbsp;de varicela en alumnos de 1\u00b0 a\u00f1o de la Escuela Normal\u201d, se\u00f1al\u00f3. [&hellip;]<\/p>\n","protected":false},"author":3,"featured_media":1955,"comment_status":"open","ping_status":"open","sticky":false,"template":"","format":"standard","meta":{"_jetpack_memberships_contains_paid_content":false,"footnotes":""},"categories":[1],"tags":[],"class_list":["post-1954","post","type-post","status-publish","format-standard","has-post-thumbnail","hentry","category-local"],"jetpack_featured_media_url":"https:\/\/pasahoy.com.ar\/ph\/wp-content\/uploads\/2025\/05\/1000342985.png","jetpack_sharing_enabled":true,"_links":{"self":[{"href":"https:\/\/pasahoy.com.ar\/ph\/wp-json\/wp\/v2\/posts\/1954","targetHints":{"allow":["GET"]}}],"collection":[{"href":"https:\/\/pasahoy.com.ar\/ph\/wp-json\/wp\/v2\/posts"}],"about":[{"href":"https:\/\/pasahoy.com.ar\/ph\/wp-json\/wp\/v2\/types\/post"}],"author":[{"embeddable":true,"href":"https:\/\/pasahoy.com.ar\/ph\/wp-json\/wp\/v2\/users\/3"}],"replies":[{"embeddable":true,"href":"https:\/\/pasahoy.com.ar\/ph\/wp-json\/wp\/v2\/comments?post=1954"}],"version-history":[{"count":1,"href":"https:\/\/pasahoy.com.ar\/ph\/wp-json\/wp\/v2\/posts\/1954\/revisions"}],"predecessor-version":[{"id":1956,"href":"https:\/\/pasahoy.com.ar\/ph\/wp-json\/wp\/v2\/posts\/1954\/revisions\/1956"}],"wp:featuredmedia":[{"embeddable":true,"href":"https:\/\/pasahoy.com.ar\/ph\/wp-json\/wp\/v2\/media\/1955"}],"wp:attachment":[{"href":"https:\/\/pasahoy.com.ar\/ph\/wp-json\/wp\/v2\/media?parent=1954"}],"wp:term":[{"taxonomy":"category","embeddable":true,"href":"https:\/\/pasahoy.com.ar\/ph\/wp-json\/wp\/v2\/categories?post=1954"},{"taxonomy":"post_tag","embeddable":true,"href":"https:\/\/pasahoy.com.ar\/ph\/wp-json\/wp\/v2\/tags?post=1954"}],"curies":[{"name":"wp","href":"https:\/\/api.w.org\/{rel}","templated":true}]}}