{"id":1950,"date":"2025-05-16T18:58:10","date_gmt":"2025-05-16T18:58:10","guid":{"rendered":"https:\/\/pasahoy.com.ar\/ph\/?p=1950"},"modified":"2025-05-16T18:58:24","modified_gmt":"2025-05-16T18:58:24","slug":"tres-personas-perdieron-la-vida-en-un-grave-siniestro-vial","status":"publish","type":"post","link":"https:\/\/pasahoy.com.ar\/ph\/tres-personas-perdieron-la-vida-en-un-grave-siniestro-vial\/","title":{"rendered":"Tres personas perdieron la vida en un grave siniestro vial"},"content":{"rendered":"\n<p>El grave hecho se registr\u00f3 en la ma\u00f1ana de este viernes sobre Avenida Circunvalaci\u00f3n en cercan\u00edas al Parque de la Ciudad. Tres personas perdieron la vida tras el fuerte choque entre dos autom\u00f3viles. Un hombre de 64 a\u00f1os se encuentra en grave estado internado con politraumatismo cerrado de t\u00f3rax, abdomen y pelvis, y traumatismo de cr\u00e1neo. <\/p>\n\n\n\n<p>El fuerte impacto entre los veh\u00edculos se produjo en Avenida Circunvalaci\u00f3n, en el sem\u00e1foro de ingreso al barrio Altos del Sol.<\/p>\n\n\n\n<p>Uno de los veh\u00edculos qued\u00f3 totalmente destruido sobre la Ruta, y el otro incrustado en la banquina. <\/p>\n\n\n\n<p>El doctor Gabriel Goitea, director del hospital Enrique Vera Barros, confirmo\u00a0que la persona sobreviviente es un hombre de 64 a\u00f1os de edad. Presenta politraumatismo cerrado de t\u00f3rax, abdomen y pelvis, y traumatismo de cr\u00e1neo. Ingres\u00f3 consciente, en shock, y hab\u00eda sido despedido del veh\u00edculo. <\/p>\n\n\n\n<p>Se realizan las pericias para determinar las causales del siniestro. Tr\u00e1nsito cortado por el momento en la zona.<\/p>\n\n\n\n<figure class=\"wp-block-gallery has-nested-images columns-default is-cropped wp-block-gallery-1 is-layout-flex wp-block-gallery-is-layout-flex\">\n<figure class=\"wp-block-image size-large\"><img loading=\"lazy\" decoding=\"async\" width=\"769\" height=\"960\" data-id=\"1951\" src=\"https:\/\/pasahoy.com.ar\/ph\/wp-content\/uploads\/2025\/05\/1000342668.jpg\" alt=\"\" class=\"wp-image-1951\" srcset=\"https:\/\/pasahoy.com.ar\/ph\/wp-content\/uploads\/2025\/05\/1000342668.jpg 769w, https:\/\/pasahoy.com.ar\/ph\/wp-content\/uploads\/2025\/05\/1000342668-240x300.jpg 240w\" sizes=\"auto, (max-width: 769px) 100vw, 769px\" \/><\/figure>\n\n\n\n<figure class=\"wp-block-image size-large\"><img loading=\"lazy\" decoding=\"async\" width=\"1024\" height=\"976\" data-id=\"1952\" src=\"https:\/\/pasahoy.com.ar\/ph\/wp-content\/uploads\/2025\/05\/1000342737-1024x976.png\" alt=\"\" class=\"wp-image-1952\" srcset=\"https:\/\/pasahoy.com.ar\/ph\/wp-content\/uploads\/2025\/05\/1000342737-1024x976.png 1024w, https:\/\/pasahoy.com.ar\/ph\/wp-content\/uploads\/2025\/05\/1000342737-300x286.png 300w, https:\/\/pasahoy.com.ar\/ph\/wp-content\/uploads\/2025\/05\/1000342737-768x732.png 768w, https:\/\/pasahoy.com.ar\/ph\/wp-content\/uploads\/2025\/05\/1000342737.png 1080w\" sizes=\"auto, (max-width: 1024px) 100vw, 1024px\" \/><\/figure>\n<\/figure>\n","protected":false},"excerpt":{"rendered":"<p>El grave hecho se registr\u00f3 en la ma\u00f1ana de este viernes sobre Avenida Circunvalaci\u00f3n en cercan\u00edas al Parque de la Ciudad. Tres personas perdieron la vida tras el fuerte choque entre dos autom\u00f3viles. Un hombre de 64 a\u00f1os se encuentra en grave estado internado con politraumatismo cerrado de t\u00f3rax, abdomen y pelvis, y traumatismo de [&hellip;]<\/p>\n","protected":false},"author":3,"featured_media":1951,"comment_status":"open","ping_status":"open","sticky":false,"template":"","format":"standard","meta":{"_jetpack_memberships_contains_paid_content":false,"footnotes":""},"categories":[9],"tags":[],"class_list":["post-1950","post","type-post","status-publish","format-standard","has-post-thumbnail","hentry","category-policial"],"jetpack_featured_media_url":"https:\/\/pasahoy.com.ar\/ph\/wp-content\/uploads\/2025\/05\/1000342668.jpg","jetpack_sharing_enabled":true,"_links":{"self":[{"href":"https:\/\/pasahoy.com.ar\/ph\/wp-json\/wp\/v2\/posts\/1950","targetHints":{"allow":["GET"]}}],"collection":[{"href":"https:\/\/pasahoy.com.ar\/ph\/wp-json\/wp\/v2\/posts"}],"about":[{"href":"https:\/\/pasahoy.com.ar\/ph\/wp-json\/wp\/v2\/types\/post"}],"author":[{"embeddable":true,"href":"https:\/\/pasahoy.com.ar\/ph\/wp-json\/wp\/v2\/users\/3"}],"replies":[{"embeddable":true,"href":"https:\/\/pasahoy.com.ar\/ph\/wp-json\/wp\/v2\/comments?post=1950"}],"version-history":[{"count":1,"href":"https:\/\/pasahoy.com.ar\/ph\/wp-json\/wp\/v2\/posts\/1950\/revisions"}],"predecessor-version":[{"id":1953,"href":"https:\/\/pasahoy.com.ar\/ph\/wp-json\/wp\/v2\/posts\/1950\/revisions\/1953"}],"wp:featuredmedia":[{"embeddable":true,"href":"https:\/\/pasahoy.com.ar\/ph\/wp-json\/wp\/v2\/media\/1951"}],"wp:attachment":[{"href":"https:\/\/pasahoy.com.ar\/ph\/wp-json\/wp\/v2\/media?parent=1950"}],"wp:term":[{"taxonomy":"category","embeddable":true,"href":"https:\/\/pasahoy.com.ar\/ph\/wp-json\/wp\/v2\/categories?post=1950"},{"taxonomy":"post_tag","embeddable":true,"href":"https:\/\/pasahoy.com.ar\/ph\/wp-json\/wp\/v2\/tags?post=1950"}],"curies":[{"name":"wp","href":"https:\/\/api.w.org\/{rel}","templated":true}]}}