{"id":1943,"date":"2025-05-15T20:49:48","date_gmt":"2025-05-15T20:49:48","guid":{"rendered":"https:\/\/pasahoy.com.ar\/ph\/?p=1943"},"modified":"2025-05-15T20:50:09","modified_gmt":"2025-05-15T20:50:09","slug":"la-justicia-realizo-los-alegatos-en-el-juicio-contra-un-ex-empleado-de-una-empresa-textil-por-defraudacion","status":"publish","type":"post","link":"https:\/\/pasahoy.com.ar\/ph\/la-justicia-realizo-los-alegatos-en-el-juicio-contra-un-ex-empleado-de-una-empresa-textil-por-defraudacion\/","title":{"rendered":"LA JUSTICIA REALIZ\u00d3 LOS ALEGATOS EN EL JUICIO CONTRA UN EX EMPLEADO DE UNA EMPRESA TEXTIL POR DEFRAUDACI\u00d3N"},"content":{"rendered":"\n<p>La C\u00e1mara Tercera en lo Criminal y Correccional de la Primera Circunscripci\u00f3n Judicial continu\u00f3 con el juicio contra Claudio E. H., acusado del delito de Defraudaci\u00f3n por Administraci\u00f3n Fraudulenta, previsto en el art\u00edculo 173 inciso 7 del C\u00f3digo Penal. Al finalizar la audiencia el Ministerio P\u00fablico Fiscal solicit\u00f3 una pena de 3 a\u00f1os de prisi\u00f3n condicional. El imputado neg\u00f3 los hechos y pidi\u00f3 su absoluci\u00f3n.<\/p>\n\n\n\n<p>La audiencia fue presidida por la jueza Sara L\u00f3pez Douglas y cont\u00f3 con la intervenci\u00f3n del fiscal Rafael L\u00f3pez por parte del Ministerio P\u00fablico Fiscal. Durante la jornada, declararon dos testigos por videoconferencia desde la provincia de Buenos Aires y se incorpor\u00f3 prueba documental al expediente.<\/p>\n\n\n\n<p>El primer testigo, ex empleado de la empresa textil en la sede de Buenos Aires, manifest\u00f3 haber trabajado como auditor interno desde 2010 hasta 2020. Afirm\u00f3 conocer al imputado por desempe\u00f1arse ambos en la misma firma. Relat\u00f3 que, durante una auditor\u00eda en la planta de La Rioja, detectaron irregularidades en el pago a proveedores. Seg\u00fan su testimonio, se reclamaban doce facturas impagas, de las cuales cuatro no figuraban como abonadas. Concluy\u00f3 que el imputado registraba los pagos de una manera, pero los ejecutaba de otra, generando inconsistencias.<\/p>\n\n\n\n<p>El segundo testigo, tambi\u00e9n empleado de la f\u00e1brica textil, detall\u00f3 que fue \u00e9l quien envi\u00f3 a los auditores a La Rioja ante reclamos de proveedores por pagos impagos. Explic\u00f3 que, aunque en el sistema las facturas aparec\u00edan como saldadas, constataron que no hab\u00edan sido efectivamente pagadas. Precis\u00f3 que los cheques fueron facturados desde Buenos Aires hacia La Rioja y confirmaron que faltaban cuatro facturas por abonar.<\/p>\n\n\n\n<p>Tras cerrar la etapa testimonial, se dio lugar a la incorporaci\u00f3n de prueba documental y posteriormente se iniciaron los alegatos.<\/p>\n\n\n\n<p>El abogado querellante tom\u00f3 la palabra en primer lugar y sostuvo que la documentaci\u00f3n presentada y las declaraciones incorporadas acreditan la acusaci\u00f3n formulada. Rechaz\u00f3 la defensa del imputado basada en que habr\u00eda actuado bajo \u00f3rdenes superiores, argumentando que tal versi\u00f3n fue desmentida por los propios protagonistas.<\/p>\n\n\n\n<p>Por su parte, el fiscal Rafael L\u00f3pez realiz\u00f3 un alegato extenso en el que repas\u00f3 minuciosamente las audiencias y la prueba reunida. Solicit\u00f3 que se declare a Claudio E. H. autor penalmente responsable del delito de defraudaci\u00f3n por administraci\u00f3n fraudulenta, y pidi\u00f3 una condena de tres a\u00f1os de prisi\u00f3n de cumplimiento condicional, conforme a los art\u00edculos 40 y 41 del C\u00f3digo Penal.<\/p>\n\n\n\n<p>A su turno, el abogado defensor expuso una detallada argumentaci\u00f3n en la que se\u00f1al\u00f3 supuestas contradicciones en los testimonios y pidi\u00f3 la absoluci\u00f3n de su defendido. Afirm\u00f3 que no existen pruebas suficientes para responsabilizarlo penalmente ni para imponerle la pena requerida por el Ministerio P\u00fablico.<\/p>\n\n\n\n<p>Finalmente, el imputado hizo uso de la palabra. Entre l\u00e1grimas, manifest\u00f3 que actu\u00f3 siguiendo \u00f3rdenes de sus superiores y que lo hizo por necesidad laboral y familiar. Dijo vivir en una casa de madera y neg\u00f3 tener la fortuna que se le atribuye. Apel\u00f3 a la jueza solicitando que considere la versi\u00f3n de su defensa, y se dirigi\u00f3 con respeto tanto al fiscal como al querellante, insistiendo en su inocencia.<\/p>\n\n\n\n<p>El hecho que se investiga en esta causa ocurri\u00f3 entre noviembre de 2017 y julio de 2018, cuando el imputado ten\u00eda a su cargo el pago a proveedores en la planta riojana textil y habr\u00eda efectuado pagos de facturas con valores no correspondientes, haciendo desaparecer la documentaci\u00f3n respaldatoria.<\/p>\n\n\n\n<figure class=\"wp-block-gallery has-nested-images columns-default is-cropped wp-block-gallery-1 is-layout-flex wp-block-gallery-is-layout-flex\">\n<figure class=\"wp-block-image size-large\"><img loading=\"lazy\" decoding=\"async\" width=\"803\" height=\"550\" data-id=\"1944\" src=\"https:\/\/pasahoy.com.ar\/ph\/wp-content\/uploads\/2025\/05\/1000340338.png\" alt=\"\" class=\"wp-image-1944\" srcset=\"https:\/\/pasahoy.com.ar\/ph\/wp-content\/uploads\/2025\/05\/1000340338.png 803w, https:\/\/pasahoy.com.ar\/ph\/wp-content\/uploads\/2025\/05\/1000340338-300x205.png 300w, https:\/\/pasahoy.com.ar\/ph\/wp-content\/uploads\/2025\/05\/1000340338-768x526.png 768w\" sizes=\"auto, (max-width: 803px) 100vw, 803px\" \/><\/figure>\n<\/figure>\n","protected":false},"excerpt":{"rendered":"<p>La C\u00e1mara Tercera en lo Criminal y Correccional de la Primera Circunscripci\u00f3n Judicial continu\u00f3 con el juicio contra Claudio E. H., acusado del delito de Defraudaci\u00f3n por Administraci\u00f3n Fraudulenta, previsto en el art\u00edculo 173 inciso 7 del C\u00f3digo Penal. Al finalizar la audiencia el Ministerio P\u00fablico Fiscal solicit\u00f3 una pena de 3 a\u00f1os de prisi\u00f3n [&hellip;]<\/p>\n","protected":false},"author":3,"featured_media":1944,"comment_status":"open","ping_status":"open","sticky":false,"template":"","format":"standard","meta":{"_jetpack_memberships_contains_paid_content":false,"footnotes":""},"categories":[12],"tags":[],"class_list":["post-1943","post","type-post","status-publish","format-standard","has-post-thumbnail","hentry","category-judicial"],"jetpack_featured_media_url":"https:\/\/pasahoy.com.ar\/ph\/wp-content\/uploads\/2025\/05\/1000340338.png","jetpack_sharing_enabled":true,"_links":{"self":[{"href":"https:\/\/pasahoy.com.ar\/ph\/wp-json\/wp\/v2\/posts\/1943","targetHints":{"allow":["GET"]}}],"collection":[{"href":"https:\/\/pasahoy.com.ar\/ph\/wp-json\/wp\/v2\/posts"}],"about":[{"href":"https:\/\/pasahoy.com.ar\/ph\/wp-json\/wp\/v2\/types\/post"}],"author":[{"embeddable":true,"href":"https:\/\/pasahoy.com.ar\/ph\/wp-json\/wp\/v2\/users\/3"}],"replies":[{"embeddable":true,"href":"https:\/\/pasahoy.com.ar\/ph\/wp-json\/wp\/v2\/comments?post=1943"}],"version-history":[{"count":1,"href":"https:\/\/pasahoy.com.ar\/ph\/wp-json\/wp\/v2\/posts\/1943\/revisions"}],"predecessor-version":[{"id":1945,"href":"https:\/\/pasahoy.com.ar\/ph\/wp-json\/wp\/v2\/posts\/1943\/revisions\/1945"}],"wp:featuredmedia":[{"embeddable":true,"href":"https:\/\/pasahoy.com.ar\/ph\/wp-json\/wp\/v2\/media\/1944"}],"wp:attachment":[{"href":"https:\/\/pasahoy.com.ar\/ph\/wp-json\/wp\/v2\/media?parent=1943"}],"wp:term":[{"taxonomy":"category","embeddable":true,"href":"https:\/\/pasahoy.com.ar\/ph\/wp-json\/wp\/v2\/categories?post=1943"},{"taxonomy":"post_tag","embeddable":true,"href":"https:\/\/pasahoy.com.ar\/ph\/wp-json\/wp\/v2\/tags?post=1943"}],"curies":[{"name":"wp","href":"https:\/\/api.w.org\/{rel}","templated":true}]}}