{"id":1939,"date":"2025-05-15T20:45:00","date_gmt":"2025-05-15T20:45:00","guid":{"rendered":"https:\/\/pasahoy.com.ar\/ph\/?p=1939"},"modified":"2025-05-15T20:45:11","modified_gmt":"2025-05-15T20:45:11","slug":"la-sala-acusadora-rechazo-el-pedido-de-juicio-politico-contra-el-magistrado-claudio-ana","status":"publish","type":"post","link":"https:\/\/pasahoy.com.ar\/ph\/la-sala-acusadora-rechazo-el-pedido-de-juicio-politico-contra-el-magistrado-claudio-ana\/","title":{"rendered":"La Sala Acusadora rechaz\u00f3 el pedido de Juicio Pol\u00edtico contra el magistrado Claudio Ana"},"content":{"rendered":"\n<p>Este jueves, la Sala Acusadora de la C\u00e1mara de Diputados de La Rioja sesion\u00f3 para tratar dos solicitudes de juicio pol\u00edtico contra el Dr. Claudio Ana, presidente del Tribunal Superior de Justicia. Dando cumplimiento a lo establecido por la Ley N\u00b0 5.048 y sus modificatorias, el cuerpo resolvi\u00f3 rechazar por inadmisibles los planteos presentados, al considerar que no re\u00fanen los requisitos constitucionales necesarios.<\/p>\n\n\n\n<figure class=\"wp-block-gallery has-nested-images columns-default is-cropped wp-block-gallery-1 is-layout-flex wp-block-gallery-is-layout-flex\">\n<figure class=\"wp-block-image size-large\"><img loading=\"lazy\" decoding=\"async\" width=\"1024\" height=\"683\" data-id=\"1940\" src=\"https:\/\/pasahoy.com.ar\/ph\/wp-content\/uploads\/2025\/05\/1000340196-1024x683.jpg\" alt=\"\" class=\"wp-image-1940\" srcset=\"https:\/\/pasahoy.com.ar\/ph\/wp-content\/uploads\/2025\/05\/1000340196-1024x683.jpg 1024w, https:\/\/pasahoy.com.ar\/ph\/wp-content\/uploads\/2025\/05\/1000340196-300x200.jpg 300w, https:\/\/pasahoy.com.ar\/ph\/wp-content\/uploads\/2025\/05\/1000340196-768x512.jpg 768w, https:\/\/pasahoy.com.ar\/ph\/wp-content\/uploads\/2025\/05\/1000340196-1536x1024.jpg 1536w, https:\/\/pasahoy.com.ar\/ph\/wp-content\/uploads\/2025\/05\/1000340196-2048x1365.jpg 2048w\" sizes=\"auto, (max-width: 1024px) 100vw, 1024px\" \/><\/figure>\n\n\n\n<figure class=\"wp-block-image size-large\"><img loading=\"lazy\" decoding=\"async\" width=\"1024\" height=\"683\" data-id=\"1941\" src=\"https:\/\/pasahoy.com.ar\/ph\/wp-content\/uploads\/2025\/05\/1000340200-1024x683.jpg\" alt=\"\" class=\"wp-image-1941\" srcset=\"https:\/\/pasahoy.com.ar\/ph\/wp-content\/uploads\/2025\/05\/1000340200-1024x683.jpg 1024w, https:\/\/pasahoy.com.ar\/ph\/wp-content\/uploads\/2025\/05\/1000340200-300x200.jpg 300w, https:\/\/pasahoy.com.ar\/ph\/wp-content\/uploads\/2025\/05\/1000340200-768x512.jpg 768w, https:\/\/pasahoy.com.ar\/ph\/wp-content\/uploads\/2025\/05\/1000340200-1536x1024.jpg 1536w, https:\/\/pasahoy.com.ar\/ph\/wp-content\/uploads\/2025\/05\/1000340200-2048x1365.jpg 2048w\" sizes=\"auto, (max-width: 1024px) 100vw, 1024px\" \/><\/figure>\n<\/figure>\n\n\n\n<p>La sesi\u00f3n fue presidida por la diputada Gabriela Amoroso, y cont\u00f3 con la presencia de 15 legisladores. Durante el encuentro se conform\u00f3, a propuesta del diputado Claudio Ruiz, la Comisi\u00f3n de Investigaci\u00f3n, integrada por Ra\u00fal Cabral, Liliana Medina, Lourdes Ortiz, Carla Aliendro y Luis Villagra.<\/p>\n\n\n\n<p>A continuaci\u00f3n, se procedi\u00f3 al tratamiento conjunto de los expedientes N\u00b0 18-A-00258\/25 y 18-A-00314\/25. En su intervenci\u00f3n, el diputado Ra\u00fal Cabral argument\u00f3 que \u201cno existe intervenci\u00f3n judicial directa por parte del Dr. Ana que justifique un mal desempe\u00f1o, ni se detallan de forma concreta las supuestas presiones denunciadas\u201d. Adem\u00e1s, se\u00f1al\u00f3 que \u201cno se conoce de ninguna denuncia formalizada por parte de alg\u00fan juez sobre los hechos mencionados\u201d, y que iniciar un juicio pol\u00edtico sobre causas en tr\u00e1mite \u201cimplicar\u00eda una interferencia indebida con el Poder Judicial y afectar\u00eda gravemente su independencia institucional\u201d. Por ello, solicit\u00f3 rechazar la denuncia por inadmisible.<\/p>\n\n\n\n<p>En la misma l\u00ednea se expresaron los diputados Carlos Machicote y Luis Villagra, quienes coincidieron en que la denuncia carece de causales claras y su avance podr\u00eda representar un riesgo para el equilibrio del sistema judicial.<\/p>\n\n\n\n<p>Por su parte, la diputada Liliana Medina no acompa\u00f1\u00f3 la moci\u00f3n presentada por el diputado Cabral.<\/p>\n","protected":false},"excerpt":{"rendered":"<p>Este jueves, la Sala Acusadora de la C\u00e1mara de Diputados de La Rioja sesion\u00f3 para tratar dos solicitudes de juicio pol\u00edtico contra el Dr. Claudio Ana, presidente del Tribunal Superior de Justicia. Dando cumplimiento a lo establecido por la Ley N\u00b0 5.048 y sus modificatorias, el cuerpo resolvi\u00f3 rechazar por inadmisibles los planteos presentados, al [&hellip;]<\/p>\n","protected":false},"author":3,"featured_media":1940,"comment_status":"open","ping_status":"open","sticky":false,"template":"","format":"standard","meta":{"_jetpack_memberships_contains_paid_content":false,"footnotes":""},"categories":[12],"tags":[],"class_list":["post-1939","post","type-post","status-publish","format-standard","has-post-thumbnail","hentry","category-judicial"],"jetpack_featured_media_url":"https:\/\/pasahoy.com.ar\/ph\/wp-content\/uploads\/2025\/05\/1000340196-scaled.jpg","jetpack_sharing_enabled":true,"_links":{"self":[{"href":"https:\/\/pasahoy.com.ar\/ph\/wp-json\/wp\/v2\/posts\/1939","targetHints":{"allow":["GET"]}}],"collection":[{"href":"https:\/\/pasahoy.com.ar\/ph\/wp-json\/wp\/v2\/posts"}],"about":[{"href":"https:\/\/pasahoy.com.ar\/ph\/wp-json\/wp\/v2\/types\/post"}],"author":[{"embeddable":true,"href":"https:\/\/pasahoy.com.ar\/ph\/wp-json\/wp\/v2\/users\/3"}],"replies":[{"embeddable":true,"href":"https:\/\/pasahoy.com.ar\/ph\/wp-json\/wp\/v2\/comments?post=1939"}],"version-history":[{"count":1,"href":"https:\/\/pasahoy.com.ar\/ph\/wp-json\/wp\/v2\/posts\/1939\/revisions"}],"predecessor-version":[{"id":1942,"href":"https:\/\/pasahoy.com.ar\/ph\/wp-json\/wp\/v2\/posts\/1939\/revisions\/1942"}],"wp:featuredmedia":[{"embeddable":true,"href":"https:\/\/pasahoy.com.ar\/ph\/wp-json\/wp\/v2\/media\/1940"}],"wp:attachment":[{"href":"https:\/\/pasahoy.com.ar\/ph\/wp-json\/wp\/v2\/media?parent=1939"}],"wp:term":[{"taxonomy":"category","embeddable":true,"href":"https:\/\/pasahoy.com.ar\/ph\/wp-json\/wp\/v2\/categories?post=1939"},{"taxonomy":"post_tag","embeddable":true,"href":"https:\/\/pasahoy.com.ar\/ph\/wp-json\/wp\/v2\/tags?post=1939"}],"curies":[{"name":"wp","href":"https:\/\/api.w.org\/{rel}","templated":true}]}}