{"id":1934,"date":"2025-05-15T20:43:48","date_gmt":"2025-05-15T20:43:48","guid":{"rendered":"https:\/\/pasahoy.com.ar\/ph\/?p=1934"},"modified":"2025-05-15T20:43:48","modified_gmt":"2025-05-15T20:43:48","slug":"el-gobernador-inauguro-el-congreso-nacional-de-setia-en-la-rioja","status":"publish","type":"post","link":"https:\/\/pasahoy.com.ar\/ph\/el-gobernador-inauguro-el-congreso-nacional-de-setia-en-la-rioja\/","title":{"rendered":"El Gobernador inaugur\u00f3 el Congreso Nacional de SETIA en La Rioja"},"content":{"rendered":"\n<p><em>Con la presencia de delegados de todo el pa\u00eds, el mandatario riojano Ricardo Quintela dio inicio al encuentro del gremio textil que se desarrolla en el Hotel Naindo y que busca generar consensos frente a la cr\u00edtica situaci\u00f3n del sector.<\/em><\/p>\n\n\n\n<figure class=\"wp-block-gallery has-nested-images columns-default is-cropped wp-block-gallery-1 is-layout-flex wp-block-gallery-is-layout-flex\">\n<figure class=\"wp-block-image size-large\"><img loading=\"lazy\" decoding=\"async\" width=\"1024\" height=\"682\" data-id=\"1935\" src=\"https:\/\/pasahoy.com.ar\/ph\/wp-content\/uploads\/2025\/05\/1000340332-1024x682.jpg\" alt=\"\" class=\"wp-image-1935\" srcset=\"https:\/\/pasahoy.com.ar\/ph\/wp-content\/uploads\/2025\/05\/1000340332-1024x682.jpg 1024w, https:\/\/pasahoy.com.ar\/ph\/wp-content\/uploads\/2025\/05\/1000340332-300x200.jpg 300w, https:\/\/pasahoy.com.ar\/ph\/wp-content\/uploads\/2025\/05\/1000340332-768x512.jpg 768w, https:\/\/pasahoy.com.ar\/ph\/wp-content\/uploads\/2025\/05\/1000340332-1536x1023.jpg 1536w, https:\/\/pasahoy.com.ar\/ph\/wp-content\/uploads\/2025\/05\/1000340332.jpg 1600w\" sizes=\"auto, (max-width: 1024px) 100vw, 1024px\" \/><\/figure>\n\n\n\n<figure class=\"wp-block-image size-large\"><img loading=\"lazy\" decoding=\"async\" width=\"1024\" height=\"681\" data-id=\"1936\" src=\"https:\/\/pasahoy.com.ar\/ph\/wp-content\/uploads\/2025\/05\/1000340334-1024x681.jpg\" alt=\"\" class=\"wp-image-1936\" srcset=\"https:\/\/pasahoy.com.ar\/ph\/wp-content\/uploads\/2025\/05\/1000340334-1024x681.jpg 1024w, https:\/\/pasahoy.com.ar\/ph\/wp-content\/uploads\/2025\/05\/1000340334-300x200.jpg 300w, https:\/\/pasahoy.com.ar\/ph\/wp-content\/uploads\/2025\/05\/1000340334-768x511.jpg 768w, https:\/\/pasahoy.com.ar\/ph\/wp-content\/uploads\/2025\/05\/1000340334-1536x1021.jpg 1536w, https:\/\/pasahoy.com.ar\/ph\/wp-content\/uploads\/2025\/05\/1000340334.jpg 1600w\" sizes=\"auto, (max-width: 1024px) 100vw, 1024px\" \/><\/figure>\n\n\n\n<figure class=\"wp-block-image size-large\"><img loading=\"lazy\" decoding=\"async\" width=\"1024\" height=\"681\" data-id=\"1937\" src=\"https:\/\/pasahoy.com.ar\/ph\/wp-content\/uploads\/2025\/05\/1000340336-1024x681.jpg\" alt=\"\" class=\"wp-image-1937\" srcset=\"https:\/\/pasahoy.com.ar\/ph\/wp-content\/uploads\/2025\/05\/1000340336-1024x681.jpg 1024w, https:\/\/pasahoy.com.ar\/ph\/wp-content\/uploads\/2025\/05\/1000340336-300x200.jpg 300w, https:\/\/pasahoy.com.ar\/ph\/wp-content\/uploads\/2025\/05\/1000340336-768x511.jpg 768w, https:\/\/pasahoy.com.ar\/ph\/wp-content\/uploads\/2025\/05\/1000340336-1536x1021.jpg 1536w, https:\/\/pasahoy.com.ar\/ph\/wp-content\/uploads\/2025\/05\/1000340336.jpg 1600w\" sizes=\"auto, (max-width: 1024px) 100vw, 1024px\" \/><\/figure>\n<\/figure>\n\n\n\n<p>Este jueves por la ma\u00f1ana, Quintela encabez\u00f3 la apertura del Congreso Nacional del Sindicato de Empleados Textiles de la Industria y Afines (SETIA), que eligi\u00f3 a La Rioja como sede para debatir la situaci\u00f3n actual del sector.<br>Acompa\u00f1ado por la vicegobernadora Teresita Madera, el mandatario provincial particip\u00f3 del encuentro que reuni\u00f3 a delegados de todo el pa\u00eds en el Hotel Naindo. En su discurso, inst\u00f3 a un debate profundo que permita encontrar caminos de salida a la crisis que atraviesan los trabajadores y trabajadoras textiles.<br>\u201cQuiero darles la bienvenida, esperando que tengan una jornada excelente\u201d, expres\u00f3 el Gobernador, y agradeci\u00f3 al consejo directivo de SETIA por confiar en La Rioja como sede del congreso. \u201cLes brindamos lo mejor de nosotros: la vocaci\u00f3n de servicio de nuestra gente, su cari\u00f1o y afecto\u201d, sostuvo. Tambi\u00e9n valor\u00f3 la presencia del Consejo Provincial de la Procuraci\u00f3n General del Trabajo.<br>En ese marco, alent\u00f3 a los participantes a que \u201clleguen a conclusiones importantes en este debate, en este encuentro nacional del sindicato\u201d.<br>Por su parte, el secretario general de SETIA, Jos\u00e9 Minaberrigaray, agradeci\u00f3 a la delegaci\u00f3n riojana por la predisposici\u00f3n para organizar el congreso y destac\u00f3 la presencia de las autoridades provinciales y de referentes de la CGT. \u201cEl gobernador nos vino a saludar en el \u00faltimo congreso y, en esa oportunidad, nos invit\u00f3 a realizar el pr\u00f3ximo encuentro en La Rioja. Hoy estamos cumpliendo con ese compromiso\u201d, record\u00f3.<br>Finalmente, el delegado provincial de SETIA, Eduardo Pe\u00f1a, tambi\u00e9n agradeci\u00f3 a los presentes y resalt\u00f3 el acompa\u00f1amiento del Gobierno provincial. \u201cCuando asumimos en la CGT, recibimos algo muy importante para nosotros: la apertura al di\u00e1logo con todos los sectores\u201d, subray\u00f3.<\/p>\n","protected":false},"excerpt":{"rendered":"<p>Con la presencia de delegados de todo el pa\u00eds, el mandatario riojano Ricardo Quintela dio inicio al encuentro del gremio textil que se desarrolla en el Hotel Naindo y que busca generar consensos frente a la cr\u00edtica situaci\u00f3n del sector. Este jueves por la ma\u00f1ana, Quintela encabez\u00f3 la apertura del Congreso Nacional del Sindicato de [&hellip;]<\/p>\n","protected":false},"author":3,"featured_media":1935,"comment_status":"open","ping_status":"open","sticky":false,"template":"","format":"standard","meta":{"_jetpack_memberships_contains_paid_content":false,"footnotes":""},"categories":[1],"tags":[],"class_list":["post-1934","post","type-post","status-publish","format-standard","has-post-thumbnail","hentry","category-local"],"jetpack_featured_media_url":"https:\/\/pasahoy.com.ar\/ph\/wp-content\/uploads\/2025\/05\/1000340332.jpg","jetpack_sharing_enabled":true,"_links":{"self":[{"href":"https:\/\/pasahoy.com.ar\/ph\/wp-json\/wp\/v2\/posts\/1934","targetHints":{"allow":["GET"]}}],"collection":[{"href":"https:\/\/pasahoy.com.ar\/ph\/wp-json\/wp\/v2\/posts"}],"about":[{"href":"https:\/\/pasahoy.com.ar\/ph\/wp-json\/wp\/v2\/types\/post"}],"author":[{"embeddable":true,"href":"https:\/\/pasahoy.com.ar\/ph\/wp-json\/wp\/v2\/users\/3"}],"replies":[{"embeddable":true,"href":"https:\/\/pasahoy.com.ar\/ph\/wp-json\/wp\/v2\/comments?post=1934"}],"version-history":[{"count":1,"href":"https:\/\/pasahoy.com.ar\/ph\/wp-json\/wp\/v2\/posts\/1934\/revisions"}],"predecessor-version":[{"id":1938,"href":"https:\/\/pasahoy.com.ar\/ph\/wp-json\/wp\/v2\/posts\/1934\/revisions\/1938"}],"wp:featuredmedia":[{"embeddable":true,"href":"https:\/\/pasahoy.com.ar\/ph\/wp-json\/wp\/v2\/media\/1935"}],"wp:attachment":[{"href":"https:\/\/pasahoy.com.ar\/ph\/wp-json\/wp\/v2\/media?parent=1934"}],"wp:term":[{"taxonomy":"category","embeddable":true,"href":"https:\/\/pasahoy.com.ar\/ph\/wp-json\/wp\/v2\/categories?post=1934"},{"taxonomy":"post_tag","embeddable":true,"href":"https:\/\/pasahoy.com.ar\/ph\/wp-json\/wp\/v2\/tags?post=1934"}],"curies":[{"name":"wp","href":"https:\/\/api.w.org\/{rel}","templated":true}]}}