{"id":1927,"date":"2025-05-15T20:43:00","date_gmt":"2025-05-15T20:43:00","guid":{"rendered":"https:\/\/pasahoy.com.ar\/ph\/?p=1927"},"modified":"2025-05-15T20:43:00","modified_gmt":"2025-05-15T20:43:00","slug":"en-chamical-con-emocion-y-agradecimiento-vecinos-afectados-por-el-temporal-recibieron-a-quintela-en-sus-viviendas-refaccionadas","status":"publish","type":"post","link":"https:\/\/pasahoy.com.ar\/ph\/en-chamical-con-emocion-y-agradecimiento-vecinos-afectados-por-el-temporal-recibieron-a-quintela-en-sus-viviendas-refaccionadas\/","title":{"rendered":"En Chamical Con emoci\u00f3n y agradecimiento, vecinos afectados por el temporal recibieron a Quintela en sus viviendas refaccionadas"},"content":{"rendered":"\n<p><em>Casa por casa, el Gobernador dialogo con los vecinos y constat\u00f3 el avance de las obras de refacci\u00f3n. Con recursos propios la Provincia reconstruye los hogares da\u00f1ados por el desborde del r\u00edo El Tirante.<\/em><\/p>\n\n\n\n<p>El gobernador Ricardo Quintela visit\u00f3 este jueves, casa por casa, a las familias de Chamical cuyas viviendas fueron recuperadas tras el devastador temporal que azot\u00f3 a la provincia en febrero. En el marco del Plan Angelelli, ya se completaron las obras en 30 de los 60 hogares afectados, marcando as\u00ed la finalizaci\u00f3n de la primera etapa de este proceso de reconstrucci\u00f3n.<br>Las obras se realizaron con fondos provinciales y est\u00e1n siendo ejecutadas por tres empresas constructoras locales, que emplean a m\u00e1s de 40 trabajadores. Antes de comenzar con los trabajos, el equipo t\u00e9cnico de la Unidad Ejecutora del Plan Angelelli realiz\u00f3 un relevamiento detallado en cada hogar para determinar las intervenciones necesarias.<br>Las tareas incluyeron revoques grueso y fino, reparaci\u00f3n de cubiertas, pisos y z\u00f3calos, revisi\u00f3n de las instalaciones el\u00e9ctricas y sanitarias, as\u00ed como la provisi\u00f3n y colocaci\u00f3n de termotanques el\u00e9ctricos.<br>Durante su recorrida, el gobernador expres\u00f3 que \u201cestamos visitando a las familias cuyas viviendas ya han sido recuperadas. A\u00fan nos falta un poco, pero nuestro objetivo es dejar este sector de Chamical lo m\u00e1s organizado posible. Estamos supervisando las obras que se realizan para prevenir futuros desastres\u201d.<\/p>\n\n\n\n<p><em>Decisi\u00f3n pol\u00edtica<\/em><br>Por su parte, la diputada nacional Gabriela Pedrali \u2014referente del Plan Angelelli\u2014 destac\u00f3 el dif\u00edcil contexto financiero que atraviesa la provincia. \u201cHace 16 meses que no recibimos fondos del Gobierno nacional. Esto afecta \u00e1reas clave como educaci\u00f3n, salud y desarrollo social\u201d, se\u00f1al\u00f3. A pesar de este escenario, remarc\u00f3 la decisi\u00f3n pol\u00edtica de seguir invirtiendo en obras que beneficien directamente a las comunidades.<br>\u201cLa verdad es que se hacen enormes esfuerzos para acompa\u00f1ar a las familias. Sabemos que todo el sistema est\u00e1 resentido, que las familias la pasan mal y que el consumo est\u00e1 muy restringido. Hoy uno elige qu\u00e9 va a comprar d\u00eda a d\u00eda\u201d, dijo. Y agreg\u00f3: \u201cCuando vemos que las obras avanzan, que hay gente trabajando, es porque el gobernador tom\u00f3 la decisi\u00f3n pol\u00edtica no solo de invertir, sino tambi\u00e9n de generar empleo\u201d.<br>Pedrali mencion\u00f3 adem\u00e1s que, junto con la refacci\u00f3n de viviendas en Chamical, el Plan Angelelli contempla obras de infraestructura m\u00e1s amplias, como la construcci\u00f3n de c\u00e1maras recolectoras de agua para evitar futuras inundaciones. \u201cTuvimos suerte de no lamentar v\u00edctimas, como ocurri\u00f3 en Bah\u00eda Blanca\u201d, afirm\u00f3.<br>Y concluy\u00f3: \u201cEstas obras son posibles gracias a la voluntad de nuestro gobernador, que recorre la provincia, conoce a su gente y apuesta a un gobierno que incluye, acompa\u00f1a y entiende las necesidades de las familias\u201d.<\/p>\n\n\n\n<p><em>Compromiso<\/em><br>Durante la visita realizada por el gobernador Quintela, los vecinos evidenciaron su emoci\u00f3n y epxresaron su agradecimiento por el apoyo recibido de parte del Gobierno provincial. En ese marco, Fabiola Dom\u00ednguez, una de las vecinas que sufrio el temporal y que fue asistida por la Provincia, record\u00f3 lo vivido en aquel momento: \u201cFue una experiencia muy fea, perdimos todo\u201d. Y agradeci\u00f3: \u201cQuiero destacar el compromiso del gobernador y de la diputada Pedrali. La casa qued\u00f3 hermosa. En tres semanas la terminaron: pusieron piso, revoque, todo. Tambi\u00e9n nos entregaron una heladera, cocina y un placard. Estoy muy agradecida\u201d.<br>Del mismo modo, Teresa del Valle Acosta, otra vecina del barrio Tiro Federal, se\u00f1al\u00f3: \u201cEst\u00e1bamos muy afligidos con lo que pas\u00f3. Si hubi\u00e9ramos tenido que hacer las refacciones por nuestra cuenta, no lo habr\u00edamos logrado. El gobernador se comprometi\u00f3 a ayudarnos y hoy tenemos una casa nueva\u201d.<br>Y concluy\u00f3: \u201cEl gobernador vino luego del temporal, recorri\u00f3 el barrio, vio lo que nos hab\u00eda pasado y la necesidad de cada familia. Estoy muy conforme y agradecida por todo lo que hizo por nosotros\u201d.<\/p>\n\n\n\n<p><\/p>\n\n\n\n<figure class=\"wp-block-gallery has-nested-images columns-default is-cropped wp-block-gallery-1 is-layout-flex wp-block-gallery-is-layout-flex\">\n<figure class=\"wp-block-image size-large\"><img loading=\"lazy\" decoding=\"async\" width=\"1024\" height=\"683\" data-id=\"1931\" src=\"https:\/\/pasahoy.com.ar\/ph\/wp-content\/uploads\/2025\/05\/1000340239-1024x683.jpg\" alt=\"\" class=\"wp-image-1931\" srcset=\"https:\/\/pasahoy.com.ar\/ph\/wp-content\/uploads\/2025\/05\/1000340239-1024x683.jpg 1024w, https:\/\/pasahoy.com.ar\/ph\/wp-content\/uploads\/2025\/05\/1000340239-300x200.jpg 300w, https:\/\/pasahoy.com.ar\/ph\/wp-content\/uploads\/2025\/05\/1000340239-768x512.jpg 768w, https:\/\/pasahoy.com.ar\/ph\/wp-content\/uploads\/2025\/05\/1000340239-1536x1024.jpg 1536w, https:\/\/pasahoy.com.ar\/ph\/wp-content\/uploads\/2025\/05\/1000340239-2048x1365.jpg 2048w\" sizes=\"auto, (max-width: 1024px) 100vw, 1024px\" \/><\/figure>\n\n\n\n<figure class=\"wp-block-image size-large\"><img loading=\"lazy\" decoding=\"async\" width=\"1024\" height=\"682\" data-id=\"1928\" src=\"https:\/\/pasahoy.com.ar\/ph\/wp-content\/uploads\/2025\/05\/1000340243-1024x682.jpg\" alt=\"\" class=\"wp-image-1928\" srcset=\"https:\/\/pasahoy.com.ar\/ph\/wp-content\/uploads\/2025\/05\/1000340243-1024x682.jpg 1024w, https:\/\/pasahoy.com.ar\/ph\/wp-content\/uploads\/2025\/05\/1000340243-300x200.jpg 300w, https:\/\/pasahoy.com.ar\/ph\/wp-content\/uploads\/2025\/05\/1000340243-768x512.jpg 768w, https:\/\/pasahoy.com.ar\/ph\/wp-content\/uploads\/2025\/05\/1000340243.jpg 1280w\" sizes=\"auto, (max-width: 1024px) 100vw, 1024px\" \/><\/figure>\n\n\n\n<figure class=\"wp-block-image size-large\"><img loading=\"lazy\" decoding=\"async\" width=\"1024\" height=\"683\" data-id=\"1932\" src=\"https:\/\/pasahoy.com.ar\/ph\/wp-content\/uploads\/2025\/05\/1000340241-1024x683.jpg\" alt=\"\" class=\"wp-image-1932\" srcset=\"https:\/\/pasahoy.com.ar\/ph\/wp-content\/uploads\/2025\/05\/1000340241-1024x683.jpg 1024w, https:\/\/pasahoy.com.ar\/ph\/wp-content\/uploads\/2025\/05\/1000340241-300x200.jpg 300w, https:\/\/pasahoy.com.ar\/ph\/wp-content\/uploads\/2025\/05\/1000340241-768x512.jpg 768w, https:\/\/pasahoy.com.ar\/ph\/wp-content\/uploads\/2025\/05\/1000340241-1536x1024.jpg 1536w, https:\/\/pasahoy.com.ar\/ph\/wp-content\/uploads\/2025\/05\/1000340241-2048x1365.jpg 2048w\" sizes=\"auto, (max-width: 1024px) 100vw, 1024px\" \/><\/figure>\n\n\n\n<figure class=\"wp-block-image size-large\"><img loading=\"lazy\" decoding=\"async\" width=\"1024\" height=\"683\" data-id=\"1930\" src=\"https:\/\/pasahoy.com.ar\/ph\/wp-content\/uploads\/2025\/05\/1000340249-1024x683.jpg\" alt=\"\" class=\"wp-image-1930\" srcset=\"https:\/\/pasahoy.com.ar\/ph\/wp-content\/uploads\/2025\/05\/1000340249-1024x683.jpg 1024w, https:\/\/pasahoy.com.ar\/ph\/wp-content\/uploads\/2025\/05\/1000340249-300x200.jpg 300w, https:\/\/pasahoy.com.ar\/ph\/wp-content\/uploads\/2025\/05\/1000340249-768x512.jpg 768w, https:\/\/pasahoy.com.ar\/ph\/wp-content\/uploads\/2025\/05\/1000340249-1536x1024.jpg 1536w, https:\/\/pasahoy.com.ar\/ph\/wp-content\/uploads\/2025\/05\/1000340249-2048x1365.jpg 2048w\" sizes=\"auto, (max-width: 1024px) 100vw, 1024px\" \/><\/figure>\n\n\n\n<figure class=\"wp-block-image size-large\"><img loading=\"lazy\" decoding=\"async\" width=\"1024\" height=\"682\" data-id=\"1929\" src=\"https:\/\/pasahoy.com.ar\/ph\/wp-content\/uploads\/2025\/05\/1000340247-1024x682.jpg\" alt=\"\" class=\"wp-image-1929\" srcset=\"https:\/\/pasahoy.com.ar\/ph\/wp-content\/uploads\/2025\/05\/1000340247-1024x682.jpg 1024w, https:\/\/pasahoy.com.ar\/ph\/wp-content\/uploads\/2025\/05\/1000340247-300x200.jpg 300w, https:\/\/pasahoy.com.ar\/ph\/wp-content\/uploads\/2025\/05\/1000340247-768x512.jpg 768w, https:\/\/pasahoy.com.ar\/ph\/wp-content\/uploads\/2025\/05\/1000340247.jpg 1280w\" sizes=\"auto, (max-width: 1024px) 100vw, 1024px\" \/><\/figure>\n<\/figure>\n","protected":false},"excerpt":{"rendered":"<p>Casa por casa, el Gobernador dialogo con los vecinos y constat\u00f3 el avance de las obras de refacci\u00f3n. Con recursos propios la Provincia reconstruye los hogares da\u00f1ados por el desborde del r\u00edo El Tirante. El gobernador Ricardo Quintela visit\u00f3 este jueves, casa por casa, a las familias de Chamical cuyas viviendas fueron recuperadas tras el [&hellip;]<\/p>\n","protected":false},"author":3,"featured_media":1931,"comment_status":"open","ping_status":"open","sticky":false,"template":"","format":"standard","meta":{"_jetpack_memberships_contains_paid_content":false,"footnotes":""},"categories":[1],"tags":[],"class_list":["post-1927","post","type-post","status-publish","format-standard","has-post-thumbnail","hentry","category-local"],"jetpack_featured_media_url":"https:\/\/pasahoy.com.ar\/ph\/wp-content\/uploads\/2025\/05\/1000340239-scaled.jpg","jetpack_sharing_enabled":true,"_links":{"self":[{"href":"https:\/\/pasahoy.com.ar\/ph\/wp-json\/wp\/v2\/posts\/1927","targetHints":{"allow":["GET"]}}],"collection":[{"href":"https:\/\/pasahoy.com.ar\/ph\/wp-json\/wp\/v2\/posts"}],"about":[{"href":"https:\/\/pasahoy.com.ar\/ph\/wp-json\/wp\/v2\/types\/post"}],"author":[{"embeddable":true,"href":"https:\/\/pasahoy.com.ar\/ph\/wp-json\/wp\/v2\/users\/3"}],"replies":[{"embeddable":true,"href":"https:\/\/pasahoy.com.ar\/ph\/wp-json\/wp\/v2\/comments?post=1927"}],"version-history":[{"count":1,"href":"https:\/\/pasahoy.com.ar\/ph\/wp-json\/wp\/v2\/posts\/1927\/revisions"}],"predecessor-version":[{"id":1933,"href":"https:\/\/pasahoy.com.ar\/ph\/wp-json\/wp\/v2\/posts\/1927\/revisions\/1933"}],"wp:featuredmedia":[{"embeddable":true,"href":"https:\/\/pasahoy.com.ar\/ph\/wp-json\/wp\/v2\/media\/1931"}],"wp:attachment":[{"href":"https:\/\/pasahoy.com.ar\/ph\/wp-json\/wp\/v2\/media?parent=1927"}],"wp:term":[{"taxonomy":"category","embeddable":true,"href":"https:\/\/pasahoy.com.ar\/ph\/wp-json\/wp\/v2\/categories?post=1927"},{"taxonomy":"post_tag","embeddable":true,"href":"https:\/\/pasahoy.com.ar\/ph\/wp-json\/wp\/v2\/tags?post=1927"}],"curies":[{"name":"wp","href":"https:\/\/api.w.org\/{rel}","templated":true}]}}