{"id":1915,"date":"2025-05-15T17:51:55","date_gmt":"2025-05-15T17:51:55","guid":{"rendered":"https:\/\/pasahoy.com.ar\/ph\/?p=1915"},"modified":"2025-05-15T17:52:05","modified_gmt":"2025-05-15T17:52:05","slug":"vuelve-messi-la-lista-de-la-seleccion-argentina-para-la-doble-fecha-de-eliminatorias","status":"publish","type":"post","link":"https:\/\/pasahoy.com.ar\/ph\/vuelve-messi-la-lista-de-la-seleccion-argentina-para-la-doble-fecha-de-eliminatorias\/","title":{"rendered":"Vuelve Messi: la lista de la selecci\u00f3n argentina para la doble fecha de eliminatorias"},"content":{"rendered":"\n<p>La AFA inform\u00f3 la n\u00f3mina de 28 jugadores del f\u00fatbol de exterior citados por Scaloni para enfrentar a Chile y Colombia <\/p>\n\n\n\n<p>La selecci\u00f3n argentina inform\u00f3 la primera lista de convocados para la doble fecha de eliminatorias, en la que enfrentar\u00e1 a Chile (el 5 de junio, en Santiago o Calama) y Colombia (el 10 de junio, en el Monumental). <\/p>\n\n\n\n<p>La lista fue publicada en las redes sociales de la selecci\u00f3n argentina y en el posteo se aclara que se trata de una\u00a0<strong>prelista compuesta por 28 futbolistas<\/strong>\u00a0que se desempe\u00f1an en el exterior. Tambi\u00e9n este anuncio es poco usual, ya que la selecci\u00f3n no da a conocer las convocatorias preliminares. <\/p>\n\n\n\n<p>El dato m\u00e1s sobresaliente de esta lista es\u00a0<strong>el retorno de Messi<\/strong>, ya que el capit\u00e1n de la selecci\u00f3n argentina estuvo afuera de los cl\u00e1sicos con Uruguay (triunfo por 1-0 en Montevideo) y Brasil (4-1 en el Monumental), por lesi\u00f3n. Luego de la doble jornada de eliminatorias,\u00a0<strong>Messi estar\u00e1 en el partido inaugural del Mundial de Clubes<\/strong>, cuando Inter Miami juegue ante Al Ahly (Egipto), el s\u00e1bado 14 de junio, en Miami. <\/p>\n\n\n\n<p>Llama la atenci\u00f3n que, adem\u00e1s del capit\u00e1n, en la n\u00f3mina figuran Lautaro Mart\u00ednez (Inter), Nicol\u00e1s Otamendi (Benfica) y Juli\u00e1n Alvarez, Nahuel Molina, Giuliano Simeone, Rodrigo De Paul y \u00c1ngel Correa (todos de Atl\u00e9tico de Madrid), futbolistas que tambi\u00e9n disputar\u00e1n el Mundial de Clubes. <\/p>\n\n\n\n<p>Uno de los futbolistas que volvi\u00f3 a ser convocado es&nbsp;<strong>Valent\u00edn Barco<\/strong>, que tuvo un muy buen cierre de temporada en el f\u00fatbol franc\u00e9s, en Estrasburgo. Tambi\u00e9n regresan&nbsp;<strong>Alejandro Garnacho<\/strong>&nbsp;(jugar\u00e1 la final de la Europa League entre Manchester United y Tottenham el 21 de mayo),&nbsp;<strong>Nicol\u00e1s Dom\u00ednguez<\/strong>&nbsp;(volante de Nottingham Forest),&nbsp;<strong>Giovani Lo Celso<\/strong>&nbsp;(Betis, ausente por lesi\u00f3n en la convocatoria anterior) y&nbsp;<strong>Valent\u00edn Castellanos&nbsp;<\/strong>(delantero de Lazio).<\/p>\n\n\n\n<p>A diferencia de los \u00faltimos partidos, ahora no estar\u00e1n\u00a0<strong>M\u00e1ximo Perrone<\/strong>\u00a0(volante de Como) y\u00a0<strong>Benjam\u00edn Dom\u00ednguez<\/strong>\u00a0y<strong>\u00a0Santiago Castro<\/strong>\u00a0(delanteros de Bologna). <\/p>\n\n\n\n<figure class=\"wp-block-gallery has-nested-images columns-default is-cropped wp-block-gallery-1 is-layout-flex wp-block-gallery-is-layout-flex\">\n<figure class=\"wp-block-image size-large\"><img loading=\"lazy\" decoding=\"async\" width=\"929\" height=\"530\" data-id=\"1916\" src=\"https:\/\/pasahoy.com.ar\/ph\/wp-content\/uploads\/2025\/05\/1000339827.png\" alt=\"\" class=\"wp-image-1916\" srcset=\"https:\/\/pasahoy.com.ar\/ph\/wp-content\/uploads\/2025\/05\/1000339827.png 929w, https:\/\/pasahoy.com.ar\/ph\/wp-content\/uploads\/2025\/05\/1000339827-300x171.png 300w, https:\/\/pasahoy.com.ar\/ph\/wp-content\/uploads\/2025\/05\/1000339827-768x438.png 768w\" sizes=\"auto, (max-width: 929px) 100vw, 929px\" \/><\/figure>\n\n\n\n<figure class=\"wp-block-image size-large\"><img loading=\"lazy\" decoding=\"async\" width=\"1015\" height=\"1024\" data-id=\"1917\" src=\"https:\/\/pasahoy.com.ar\/ph\/wp-content\/uploads\/2025\/05\/1000339832-1015x1024.png\" alt=\"\" class=\"wp-image-1917\" srcset=\"https:\/\/pasahoy.com.ar\/ph\/wp-content\/uploads\/2025\/05\/1000339832-1015x1024.png 1015w, https:\/\/pasahoy.com.ar\/ph\/wp-content\/uploads\/2025\/05\/1000339832-297x300.png 297w, https:\/\/pasahoy.com.ar\/ph\/wp-content\/uploads\/2025\/05\/1000339832-150x150.png 150w, https:\/\/pasahoy.com.ar\/ph\/wp-content\/uploads\/2025\/05\/1000339832-768x775.png 768w, https:\/\/pasahoy.com.ar\/ph\/wp-content\/uploads\/2025\/05\/1000339832.png 1080w\" sizes=\"auto, (max-width: 1015px) 100vw, 1015px\" \/><\/figure>\n<\/figure>\n","protected":false},"excerpt":{"rendered":"<p>La AFA inform\u00f3 la n\u00f3mina de 28 jugadores del f\u00fatbol de exterior citados por Scaloni para enfrentar a Chile y Colombia La selecci\u00f3n argentina inform\u00f3 la primera lista de convocados para la doble fecha de eliminatorias, en la que enfrentar\u00e1 a Chile (el 5 de junio, en Santiago o Calama) y Colombia (el 10 de [&hellip;]<\/p>\n","protected":false},"author":3,"featured_media":1916,"comment_status":"open","ping_status":"open","sticky":false,"template":"","format":"standard","meta":{"_jetpack_memberships_contains_paid_content":false,"footnotes":""},"categories":[4],"tags":[],"class_list":["post-1915","post","type-post","status-publish","format-standard","has-post-thumbnail","hentry","category-deporte"],"jetpack_featured_media_url":"https:\/\/pasahoy.com.ar\/ph\/wp-content\/uploads\/2025\/05\/1000339827.png","jetpack_sharing_enabled":true,"_links":{"self":[{"href":"https:\/\/pasahoy.com.ar\/ph\/wp-json\/wp\/v2\/posts\/1915","targetHints":{"allow":["GET"]}}],"collection":[{"href":"https:\/\/pasahoy.com.ar\/ph\/wp-json\/wp\/v2\/posts"}],"about":[{"href":"https:\/\/pasahoy.com.ar\/ph\/wp-json\/wp\/v2\/types\/post"}],"author":[{"embeddable":true,"href":"https:\/\/pasahoy.com.ar\/ph\/wp-json\/wp\/v2\/users\/3"}],"replies":[{"embeddable":true,"href":"https:\/\/pasahoy.com.ar\/ph\/wp-json\/wp\/v2\/comments?post=1915"}],"version-history":[{"count":1,"href":"https:\/\/pasahoy.com.ar\/ph\/wp-json\/wp\/v2\/posts\/1915\/revisions"}],"predecessor-version":[{"id":1918,"href":"https:\/\/pasahoy.com.ar\/ph\/wp-json\/wp\/v2\/posts\/1915\/revisions\/1918"}],"wp:featuredmedia":[{"embeddable":true,"href":"https:\/\/pasahoy.com.ar\/ph\/wp-json\/wp\/v2\/media\/1916"}],"wp:attachment":[{"href":"https:\/\/pasahoy.com.ar\/ph\/wp-json\/wp\/v2\/media?parent=1915"}],"wp:term":[{"taxonomy":"category","embeddable":true,"href":"https:\/\/pasahoy.com.ar\/ph\/wp-json\/wp\/v2\/categories?post=1915"},{"taxonomy":"post_tag","embeddable":true,"href":"https:\/\/pasahoy.com.ar\/ph\/wp-json\/wp\/v2\/tags?post=1915"}],"curies":[{"name":"wp","href":"https:\/\/api.w.org\/{rel}","templated":true}]}}