{"id":1904,"date":"2025-05-15T02:35:58","date_gmt":"2025-05-15T02:35:58","guid":{"rendered":"https:\/\/pasahoy.com.ar\/ph\/?p=1904"},"modified":"2025-05-15T02:36:11","modified_gmt":"2025-05-15T02:36:11","slug":"la-salud-de-carmen-barbieri-como-sigue-despues-de-quedar-internada-en-terapia-intensiva","status":"publish","type":"post","link":"https:\/\/pasahoy.com.ar\/ph\/la-salud-de-carmen-barbieri-como-sigue-despues-de-quedar-internada-en-terapia-intensiva\/","title":{"rendered":"La salud de Carmen Barbieri: c\u00f3mo sigue despu\u00e9s de quedar internada en terapia intensiva"},"content":{"rendered":"\n<p>Habl\u00f3 con Juan Curubeto, abogado de la actriz, quien dio detalles del cuadro que la llev\u00f3 a ser sometida a varios estudios.<\/p>\n\n\n\n<p>Este martes el mundo de la far\u00e1ndula se vio sacudido por la noticia de que\u00a0<a href=\"https:\/\/tn.com.ar\/show\/famosos\/2025\/02\/18\/carmen-barbieri-se-indigno-en-vivo-porque-fede-bal-invirtio-en-criptomonedas-habia-puesto-una-platita\/\"><strong>Carmen Barbieri<\/strong><\/a>\u00a0<strong>fue internada en terapia intensiva<\/strong>\u00a0tras amanecer con un fuerte dolor en el pecho. <\/p>\n\n\n\n<p>La periodista Estefan\u00eda Berardi, quien comparti\u00f3 durante un a\u00f1o trabajo en\u00a0<em>Ma\u00f1an\u00edsima (eltrece)<\/em>, cont\u00f3 que estaba fuera de peligro y que\u00a0<strong>se hab\u00eda sometido a una bater\u00eda de estudios.<\/strong> <\/p>\n\n\n\n<p>Carmen est\u00e1 bien.\u00a0<strong>Hoy a la ma\u00f1ana se levant\u00f3 con un fuerte dolor en el pecho, entonces obviamente se asust\u00f3 y por prevenci\u00f3n\u00a0<\/strong>esper\u00f3 un tiempito y fue a la Cl\u00ednica Zabala, donde tiene todo su historial m\u00e9dico y ah\u00ed decidi\u00f3 el m\u00e9dico hacerle todos los estudios respecto a la dolencia que tiene, y la dejaron en terapia intensiva.<strong>\u00a0Est\u00e1 controlada. Es una terapia intensiva coronaria, pero est\u00e1 bien<\/strong>\u201d, explic\u00f3. <\/p>\n\n\n\n<p>Respecto al estado de \u00e1nimo de la conductora y lo que hizo desde la habitaci\u00f3n donde se encuentra, el letrado revel\u00f3: \u201c<strong>Est\u00e1 bien, comi\u00f3. Estoy hablando con ella constantemente<\/strong>, as\u00ed que m\u00e1s que nada es por prevenci\u00f3n y control. El m\u00e9dico le iba a dar el alta hoy, pero prefiri\u00f3 extenderlo hasta ma\u00f1ana para ver c\u00f3mo pasa la noche\u201d.<\/p>\n\n\n\n<p>\u201c<strong>Se encuentra perfecta, en observaci\u00f3n. Ahora est\u00e1 mirando una serie<\/strong>\u201d, cerr\u00f3 Curubeto.<\/p>\n\n\n\n<figure class=\"wp-block-gallery has-nested-images columns-default is-cropped wp-block-gallery-1 is-layout-flex wp-block-gallery-is-layout-flex\">\n<figure class=\"wp-block-image size-large\"><img loading=\"lazy\" decoding=\"async\" width=\"1024\" height=\"580\" data-id=\"1905\" src=\"https:\/\/pasahoy.com.ar\/ph\/wp-content\/uploads\/2025\/05\/1000338507-1024x580.png\" alt=\"\" class=\"wp-image-1905\" srcset=\"https:\/\/pasahoy.com.ar\/ph\/wp-content\/uploads\/2025\/05\/1000338507-1024x580.png 1024w, https:\/\/pasahoy.com.ar\/ph\/wp-content\/uploads\/2025\/05\/1000338507-300x170.png 300w, https:\/\/pasahoy.com.ar\/ph\/wp-content\/uploads\/2025\/05\/1000338507-768x435.png 768w, https:\/\/pasahoy.com.ar\/ph\/wp-content\/uploads\/2025\/05\/1000338507.png 1066w\" sizes=\"auto, (max-width: 1024px) 100vw, 1024px\" \/><\/figure>\n<\/figure>\n","protected":false},"excerpt":{"rendered":"<p>Habl\u00f3 con Juan Curubeto, abogado de la actriz, quien dio detalles del cuadro que la llev\u00f3 a ser sometida a varios estudios. Este martes el mundo de la far\u00e1ndula se vio sacudido por la noticia de que\u00a0Carmen Barbieri\u00a0fue internada en terapia intensiva\u00a0tras amanecer con un fuerte dolor en el pecho. La periodista Estefan\u00eda Berardi, quien [&hellip;]<\/p>\n","protected":false},"author":3,"featured_media":1905,"comment_status":"open","ping_status":"open","sticky":false,"template":"","format":"standard","meta":{"_jetpack_memberships_contains_paid_content":false,"footnotes":""},"categories":[5],"tags":[],"class_list":["post-1904","post","type-post","status-publish","format-standard","has-post-thumbnail","hentry","category-espectaculo"],"jetpack_featured_media_url":"https:\/\/pasahoy.com.ar\/ph\/wp-content\/uploads\/2025\/05\/1000338507.png","jetpack_sharing_enabled":true,"_links":{"self":[{"href":"https:\/\/pasahoy.com.ar\/ph\/wp-json\/wp\/v2\/posts\/1904","targetHints":{"allow":["GET"]}}],"collection":[{"href":"https:\/\/pasahoy.com.ar\/ph\/wp-json\/wp\/v2\/posts"}],"about":[{"href":"https:\/\/pasahoy.com.ar\/ph\/wp-json\/wp\/v2\/types\/post"}],"author":[{"embeddable":true,"href":"https:\/\/pasahoy.com.ar\/ph\/wp-json\/wp\/v2\/users\/3"}],"replies":[{"embeddable":true,"href":"https:\/\/pasahoy.com.ar\/ph\/wp-json\/wp\/v2\/comments?post=1904"}],"version-history":[{"count":1,"href":"https:\/\/pasahoy.com.ar\/ph\/wp-json\/wp\/v2\/posts\/1904\/revisions"}],"predecessor-version":[{"id":1906,"href":"https:\/\/pasahoy.com.ar\/ph\/wp-json\/wp\/v2\/posts\/1904\/revisions\/1906"}],"wp:featuredmedia":[{"embeddable":true,"href":"https:\/\/pasahoy.com.ar\/ph\/wp-json\/wp\/v2\/media\/1905"}],"wp:attachment":[{"href":"https:\/\/pasahoy.com.ar\/ph\/wp-json\/wp\/v2\/media?parent=1904"}],"wp:term":[{"taxonomy":"category","embeddable":true,"href":"https:\/\/pasahoy.com.ar\/ph\/wp-json\/wp\/v2\/categories?post=1904"},{"taxonomy":"post_tag","embeddable":true,"href":"https:\/\/pasahoy.com.ar\/ph\/wp-json\/wp\/v2\/tags?post=1904"}],"curies":[{"name":"wp","href":"https:\/\/api.w.org\/{rel}","templated":true}]}}