{"id":1828,"date":"2025-05-13T02:42:06","date_gmt":"2025-05-13T02:42:06","guid":{"rendered":"https:\/\/pasahoy.com.ar\/ph\/?p=1828"},"modified":"2025-05-13T02:42:20","modified_gmt":"2025-05-13T02:42:20","slug":"la-justicia-nos-dio-la-razon-se-probo-la-persecucion-politica-y-sindical-en-los-despidos-masivos-en-la-anses","status":"publish","type":"post","link":"https:\/\/pasahoy.com.ar\/ph\/la-justicia-nos-dio-la-razon-se-probo-la-persecucion-politica-y-sindical-en-los-despidos-masivos-en-la-anses\/","title":{"rendered":"\u00abLa Justicia nos dio la raz\u00f3n: se prob\u00f3 la persecuci\u00f3n pol\u00edtica y sindical en los despidos masivos en la ANSES\u00bb"},"content":{"rendered":"\n<p>\u00abEl Juzgado Nacional del Trabajo N\u00b06 fall\u00f3 a nuestro favor y dej\u00f3 al descubierto lo que denunciamos desde el primer momento: la gesti\u00f3n de la ANSES llev\u00f3 adelante despidos selectivos con un objetivo claro, echar a quienes se organizan, piensan distinto y defienden derechos.\u00bb<\/p>\n\n\n\n<p>\u00abEl fallo judicial es categ\u00f3rico: el 84,6% de las personas despedidas eran afiliadas al SECASFPI. Una maniobra planificada y direccionada para quebrarnos, desfinanciarnos y debilitar nuestra capacidad de representaci\u00f3n de las y los trabajadores. Al respecto, el juez sostuvo: \u201cNo existen dudas de que el accionar de la ANSES result\u00f3 discriminatorio y violatorio de los derechos de libertad sindical.\u201d Y continu\u00f3: \u201cEstas pr\u00e1cticas desleales integran el universo de las infracciones MUY GRAVES por ser decisiones del empleador que implican discriminaci\u00f3n en el empleo.\u201d <\/p>\n\n\n\n<p>\u00abEl fallo tambi\u00e9n confirma que los despidos no fueron producto de una reestructuraci\u00f3n t\u00e9cnica, sino parte de una estrategia pol\u00edtica para perseguir a SECASFPI como organizaci\u00f3n sindical. Una embestida directa, en l\u00ednea con un modelo de ajuste, disciplinamiento y entrega. Esta sentencia es un golpe a la impunidad de quienes usan el poder para perseguir, y al mismo tiempo, una victoria de la lucha organizada, del sindicalismo que no se calla, no se arrodilla y no negocia derechos.\u00bb&nbsp;<\/p>\n\n\n\n<p>El secretario general, Carlos Ortega, expres\u00f3: \u201cCelebramos este fallo que confirma lo que dijimos desde el primer d\u00eda, los despidos fueron parte de una persecuci\u00f3n ideol\u00f3gica, antisindical y cobarde. Una vez m\u00e1s, la realidad les arruina el relato.\u201d&nbsp;<\/p>\n\n\n\n<p>\u00abA los que gobiernan con odio y ajuste les repetimos: no nos van a quebrar. Les molestamos porque no nos vendemos. Este fallo no solo repara una injusticia, sienta un precedente clave para defender la libertad sindical en tiempos de ajuste y persecuci\u00f3n. Vamos a seguir peleando en cada oficina, en la calle y en cada tribunal\u201d. concluy\u00f3 Ortega.<\/p>\n\n\n\n<figure class=\"wp-block-gallery has-nested-images columns-default is-cropped wp-block-gallery-1 is-layout-flex wp-block-gallery-is-layout-flex\">\n<figure class=\"wp-block-image size-large\"><img loading=\"lazy\" decoding=\"async\" width=\"923\" height=\"554\" data-id=\"1829\" src=\"https:\/\/pasahoy.com.ar\/ph\/wp-content\/uploads\/2025\/05\/1000332381.png\" alt=\"\" class=\"wp-image-1829\" srcset=\"https:\/\/pasahoy.com.ar\/ph\/wp-content\/uploads\/2025\/05\/1000332381.png 923w, https:\/\/pasahoy.com.ar\/ph\/wp-content\/uploads\/2025\/05\/1000332381-300x180.png 300w, https:\/\/pasahoy.com.ar\/ph\/wp-content\/uploads\/2025\/05\/1000332381-768x461.png 768w\" sizes=\"auto, (max-width: 923px) 100vw, 923px\" \/><\/figure>\n<\/figure>\n","protected":false},"excerpt":{"rendered":"<p>\u00abEl Juzgado Nacional del Trabajo N\u00b06 fall\u00f3 a nuestro favor y dej\u00f3 al descubierto lo que denunciamos desde el primer momento: la gesti\u00f3n de la ANSES llev\u00f3 adelante despidos selectivos con un objetivo claro, echar a quienes se organizan, piensan distinto y defienden derechos.\u00bb \u00abEl fallo judicial es categ\u00f3rico: el 84,6% de las personas despedidas [&hellip;]<\/p>\n","protected":false},"author":3,"featured_media":1829,"comment_status":"open","ping_status":"open","sticky":false,"template":"","format":"standard","meta":{"_jetpack_memberships_contains_paid_content":false,"footnotes":""},"categories":[12],"tags":[],"class_list":["post-1828","post","type-post","status-publish","format-standard","has-post-thumbnail","hentry","category-judicial"],"jetpack_featured_media_url":"https:\/\/pasahoy.com.ar\/ph\/wp-content\/uploads\/2025\/05\/1000332381.png","jetpack_sharing_enabled":true,"_links":{"self":[{"href":"https:\/\/pasahoy.com.ar\/ph\/wp-json\/wp\/v2\/posts\/1828","targetHints":{"allow":["GET"]}}],"collection":[{"href":"https:\/\/pasahoy.com.ar\/ph\/wp-json\/wp\/v2\/posts"}],"about":[{"href":"https:\/\/pasahoy.com.ar\/ph\/wp-json\/wp\/v2\/types\/post"}],"author":[{"embeddable":true,"href":"https:\/\/pasahoy.com.ar\/ph\/wp-json\/wp\/v2\/users\/3"}],"replies":[{"embeddable":true,"href":"https:\/\/pasahoy.com.ar\/ph\/wp-json\/wp\/v2\/comments?post=1828"}],"version-history":[{"count":1,"href":"https:\/\/pasahoy.com.ar\/ph\/wp-json\/wp\/v2\/posts\/1828\/revisions"}],"predecessor-version":[{"id":1830,"href":"https:\/\/pasahoy.com.ar\/ph\/wp-json\/wp\/v2\/posts\/1828\/revisions\/1830"}],"wp:featuredmedia":[{"embeddable":true,"href":"https:\/\/pasahoy.com.ar\/ph\/wp-json\/wp\/v2\/media\/1829"}],"wp:attachment":[{"href":"https:\/\/pasahoy.com.ar\/ph\/wp-json\/wp\/v2\/media?parent=1828"}],"wp:term":[{"taxonomy":"category","embeddable":true,"href":"https:\/\/pasahoy.com.ar\/ph\/wp-json\/wp\/v2\/categories?post=1828"},{"taxonomy":"post_tag","embeddable":true,"href":"https:\/\/pasahoy.com.ar\/ph\/wp-json\/wp\/v2\/tags?post=1828"}],"curies":[{"name":"wp","href":"https:\/\/api.w.org\/{rel}","templated":true}]}}