{"id":1820,"date":"2025-05-13T02:32:19","date_gmt":"2025-05-13T02:32:19","guid":{"rendered":"https:\/\/pasahoy.com.ar\/ph\/?p=1820"},"modified":"2025-05-13T02:32:32","modified_gmt":"2025-05-13T02:32:32","slug":"lucia-topolansky-sobre-la-salud-de-pepe-mujica-a-horas-del-desenlace","status":"publish","type":"post","link":"https:\/\/pasahoy.com.ar\/ph\/lucia-topolansky-sobre-la-salud-de-pepe-mujica-a-horas-del-desenlace\/","title":{"rendered":"Luc\u00eda Topolansky, sobre la salud de Pepe Mujica: \u00abA horas del desenlace\u00bb"},"content":{"rendered":"\n<p>Luego de que se supiera que el expresidente de Uruguay no iba a asistir a votar, su esposa rompi\u00f3 el silencio.<\/p>\n\n\n\n<p><strong>Luc\u00eda Topolansky<\/strong>\u00a0habl\u00f3 del\u00a0<strong>estado de salud<\/strong>\u00a0de su esposo y expresidente de\u00a0<strong>Uruguay<\/strong>,\u00a0<strong>Pepe Mujica<\/strong>, quien est\u00e1 atravesando un c\u00e1ncer de es\u00f3fago terminal. <\/p>\n\n\n\n<p>Seg\u00fan inform\u00f3 una periodista uruguaya de<em>\u00a0Radio Sarandi 690<\/em>, la esposa de Pepe Mujica describi\u00f3:\u00a0<strong>\u00abEst\u00e1 en la etapa final y en horas del desenlace\u00bb.<\/strong> <\/p>\n\n\n\n<p>Luc\u00eda Topolansky cont\u00f3 que Mujica est\u00e1 \u00abd\u00e9bil aunque tiene un brutal coraz\u00f3n porque fue ciclista\u00bb y que por pedido del equipo m\u00e9dico que lo asiste desisti\u00f3 de ir a votar en la elecci\u00f3n por la renovaci\u00f3n de intendencias, que se celebr\u00f3 este domingo.<\/p>\n\n\n\n<p><strong>\u00abEst\u00e1n tratando que est\u00e9 sin dolor, que no tenga ansiedad y que pueda dormir.&nbsp;<\/strong>Est\u00e1 en la meseta, est\u00e1 a t\u00e9rmino, estamos tratando que pase lo mejor posible, esto tiene un final anunciado, se trata de cuidados paliativos\u00bb, reprodujo la interlocutora.<\/p>\n\n\n\n<p>Por \u00faltimo, la dirigente del Frente Amplio pidi\u00f3 no haya&nbsp;<strong>\u00abtemor\u00bb<\/strong>&nbsp;por lo que va a suceder, y expres\u00f3: \u00ab<strong>Yo estoy hace m\u00e1s de 40 a\u00f1os con \u00e9l y voy a estar hasta el final, eso es lo que promet\u00ed\u00bb.<\/strong><\/p>\n\n\n\n<figure class=\"wp-block-gallery has-nested-images columns-default is-cropped wp-block-gallery-1 is-layout-flex wp-block-gallery-is-layout-flex\">\n<figure class=\"wp-block-image size-large\"><img loading=\"lazy\" decoding=\"async\" width=\"971\" height=\"739\" data-id=\"1823\" src=\"https:\/\/pasahoy.com.ar\/ph\/wp-content\/uploads\/2025\/05\/1000332369.png\" alt=\"\" class=\"wp-image-1823\" srcset=\"https:\/\/pasahoy.com.ar\/ph\/wp-content\/uploads\/2025\/05\/1000332369.png 971w, https:\/\/pasahoy.com.ar\/ph\/wp-content\/uploads\/2025\/05\/1000332369-300x228.png 300w, https:\/\/pasahoy.com.ar\/ph\/wp-content\/uploads\/2025\/05\/1000332369-768x585.png 768w\" sizes=\"auto, (max-width: 971px) 100vw, 971px\" \/><\/figure>\n<\/figure>\n","protected":false},"excerpt":{"rendered":"<p>Luego de que se supiera que el expresidente de Uruguay no iba a asistir a votar, su esposa rompi\u00f3 el silencio. Luc\u00eda Topolansky\u00a0habl\u00f3 del\u00a0estado de salud\u00a0de su esposo y expresidente de\u00a0Uruguay,\u00a0Pepe Mujica, quien est\u00e1 atravesando un c\u00e1ncer de es\u00f3fago terminal. Seg\u00fan inform\u00f3 una periodista uruguaya de\u00a0Radio Sarandi 690, la esposa de Pepe Mujica describi\u00f3:\u00a0\u00abEst\u00e1 en [&hellip;]<\/p>\n","protected":false},"author":3,"featured_media":1823,"comment_status":"open","ping_status":"open","sticky":false,"template":"","format":"standard","meta":{"_jetpack_memberships_contains_paid_content":false,"footnotes":""},"categories":[3],"tags":[],"class_list":["post-1820","post","type-post","status-publish","format-standard","has-post-thumbnail","hentry","category-internacional"],"jetpack_featured_media_url":"https:\/\/pasahoy.com.ar\/ph\/wp-content\/uploads\/2025\/05\/1000332369.png","jetpack_sharing_enabled":true,"_links":{"self":[{"href":"https:\/\/pasahoy.com.ar\/ph\/wp-json\/wp\/v2\/posts\/1820","targetHints":{"allow":["GET"]}}],"collection":[{"href":"https:\/\/pasahoy.com.ar\/ph\/wp-json\/wp\/v2\/posts"}],"about":[{"href":"https:\/\/pasahoy.com.ar\/ph\/wp-json\/wp\/v2\/types\/post"}],"author":[{"embeddable":true,"href":"https:\/\/pasahoy.com.ar\/ph\/wp-json\/wp\/v2\/users\/3"}],"replies":[{"embeddable":true,"href":"https:\/\/pasahoy.com.ar\/ph\/wp-json\/wp\/v2\/comments?post=1820"}],"version-history":[{"count":1,"href":"https:\/\/pasahoy.com.ar\/ph\/wp-json\/wp\/v2\/posts\/1820\/revisions"}],"predecessor-version":[{"id":1824,"href":"https:\/\/pasahoy.com.ar\/ph\/wp-json\/wp\/v2\/posts\/1820\/revisions\/1824"}],"wp:featuredmedia":[{"embeddable":true,"href":"https:\/\/pasahoy.com.ar\/ph\/wp-json\/wp\/v2\/media\/1823"}],"wp:attachment":[{"href":"https:\/\/pasahoy.com.ar\/ph\/wp-json\/wp\/v2\/media?parent=1820"}],"wp:term":[{"taxonomy":"category","embeddable":true,"href":"https:\/\/pasahoy.com.ar\/ph\/wp-json\/wp\/v2\/categories?post=1820"},{"taxonomy":"post_tag","embeddable":true,"href":"https:\/\/pasahoy.com.ar\/ph\/wp-json\/wp\/v2\/tags?post=1820"}],"curies":[{"name":"wp","href":"https:\/\/api.w.org\/{rel}","templated":true}]}}