{"id":1299,"date":"2025-04-28T11:25:54","date_gmt":"2025-04-28T11:25:54","guid":{"rendered":"https:\/\/pasahoy.com.ar\/ph\/?p=1299"},"modified":"2025-04-28T11:26:08","modified_gmt":"2025-04-28T11:26:08","slug":"se-viene-la-tercera-edicion-del-festival-nacional-de-cuarteto-una-grilla-con-lo-mejor-del-tunga-tunga","status":"publish","type":"post","link":"https:\/\/pasahoy.com.ar\/ph\/se-viene-la-tercera-edicion-del-festival-nacional-de-cuarteto-una-grilla-con-lo-mejor-del-tunga-tunga\/","title":{"rendered":"Se viene la tercera edici\u00f3n del Festival Nacional de Cuarteto: una grilla con lo mejor del \u201ctunga-tunga\u201d"},"content":{"rendered":"\n<p>La Mona Jim\u00e9nez estar\u00e1 acompa\u00f1ado de La Konga, Luck Ra, Magui Olave, Un Poco de Ruido y Dami\u00e1n C\u00f3rdoba, entre otros. El pr\u00f3ximo jueves, en el Kempes. <\/p>\n\n\n\n<p>El p\u00fablico cordob\u00e9s (y del pa\u00eds) podr\u00e1 disfrutar de una nueva cita con el m\u00e1ximo \u00eddolo del g\u00e9nero (Carlos La Mona Jim\u00e9nez, claro), esta vez acompa\u00f1ado de grandes artistas que atraviesan un destacado momento en la escena.<\/p>\n\n\n\n<p>Con precios populares y facilidades de pago, se esperan miles y miles de bailarines en el play\u00f3n de estacionamiento del Kempes, sitio que se oficializ\u00f3 como sede principal de UJ y que tambi\u00e9n ser\u00e1 escenario del esperado regreso de Los Piojos a C\u00f3rdoba, el 10 de mayo. <\/p>\n\n\n\n<p>All\u00ed se presentar\u00e1n La Konga, Luck Ra, DesaKTa2, Magui Olave, Un poco de Ruido (junto a Ulises Bueno), Dami\u00e1n C\u00f3rdoba, Trulal\u00e1, Monada y Lore Jim\u00e9nez. <\/p>\n\n\n\n<p>Cabe recordar que el Festival Nacional de Cuarteto naci\u00f3 en 2023 y realiz\u00f3 su primera edici\u00f3n en el Anfiteatro Municipal de Villa Mar\u00eda, los d\u00edas 16, 17 y 18 de junio de ese a\u00f1o. Luego fij\u00f3 sede en el estacionamiento Norte del Kempes y all\u00ed se concret\u00f3 la edici\u00f3n 2024, esta vez con solo un d\u00eda de shows.<\/p>\n\n\n\n<figure class=\"wp-block-gallery has-nested-images columns-default is-cropped wp-block-gallery-1 is-layout-flex wp-block-gallery-is-layout-flex\">\n<figure class=\"wp-block-image size-large\"><img loading=\"lazy\" decoding=\"async\" width=\"924\" height=\"531\" data-id=\"1300\" src=\"https:\/\/pasahoy.com.ar\/ph\/wp-content\/uploads\/2025\/04\/1000296447.png\" alt=\"\" class=\"wp-image-1300\" srcset=\"https:\/\/pasahoy.com.ar\/ph\/wp-content\/uploads\/2025\/04\/1000296447.png 924w, https:\/\/pasahoy.com.ar\/ph\/wp-content\/uploads\/2025\/04\/1000296447-300x172.png 300w, https:\/\/pasahoy.com.ar\/ph\/wp-content\/uploads\/2025\/04\/1000296447-768x441.png 768w\" sizes=\"auto, (max-width: 924px) 100vw, 924px\" \/><\/figure>\n<\/figure>\n","protected":false},"excerpt":{"rendered":"<p>La Mona Jim\u00e9nez estar\u00e1 acompa\u00f1ado de La Konga, Luck Ra, Magui Olave, Un Poco de Ruido y Dami\u00e1n C\u00f3rdoba, entre otros. El pr\u00f3ximo jueves, en el Kempes. El p\u00fablico cordob\u00e9s (y del pa\u00eds) podr\u00e1 disfrutar de una nueva cita con el m\u00e1ximo \u00eddolo del g\u00e9nero (Carlos La Mona Jim\u00e9nez, claro), esta vez acompa\u00f1ado de grandes [&hellip;]<\/p>\n","protected":false},"author":3,"featured_media":1300,"comment_status":"open","ping_status":"open","sticky":false,"template":"","format":"standard","meta":{"_jetpack_memberships_contains_paid_content":false,"footnotes":""},"categories":[5],"tags":[],"class_list":["post-1299","post","type-post","status-publish","format-standard","has-post-thumbnail","hentry","category-espectaculo"],"jetpack_featured_media_url":"https:\/\/pasahoy.com.ar\/ph\/wp-content\/uploads\/2025\/04\/1000296447.png","jetpack_sharing_enabled":true,"_links":{"self":[{"href":"https:\/\/pasahoy.com.ar\/ph\/wp-json\/wp\/v2\/posts\/1299","targetHints":{"allow":["GET"]}}],"collection":[{"href":"https:\/\/pasahoy.com.ar\/ph\/wp-json\/wp\/v2\/posts"}],"about":[{"href":"https:\/\/pasahoy.com.ar\/ph\/wp-json\/wp\/v2\/types\/post"}],"author":[{"embeddable":true,"href":"https:\/\/pasahoy.com.ar\/ph\/wp-json\/wp\/v2\/users\/3"}],"replies":[{"embeddable":true,"href":"https:\/\/pasahoy.com.ar\/ph\/wp-json\/wp\/v2\/comments?post=1299"}],"version-history":[{"count":1,"href":"https:\/\/pasahoy.com.ar\/ph\/wp-json\/wp\/v2\/posts\/1299\/revisions"}],"predecessor-version":[{"id":1301,"href":"https:\/\/pasahoy.com.ar\/ph\/wp-json\/wp\/v2\/posts\/1299\/revisions\/1301"}],"wp:featuredmedia":[{"embeddable":true,"href":"https:\/\/pasahoy.com.ar\/ph\/wp-json\/wp\/v2\/media\/1300"}],"wp:attachment":[{"href":"https:\/\/pasahoy.com.ar\/ph\/wp-json\/wp\/v2\/media?parent=1299"}],"wp:term":[{"taxonomy":"category","embeddable":true,"href":"https:\/\/pasahoy.com.ar\/ph\/wp-json\/wp\/v2\/categories?post=1299"},{"taxonomy":"post_tag","embeddable":true,"href":"https:\/\/pasahoy.com.ar\/ph\/wp-json\/wp\/v2\/tags?post=1299"}],"curies":[{"name":"wp","href":"https:\/\/api.w.org\/{rel}","templated":true}]}}