{"id":1288,"date":"2025-04-27T15:44:31","date_gmt":"2025-04-27T15:44:31","guid":{"rendered":"https:\/\/pasahoy.com.ar\/ph\/?p=1288"},"modified":"2025-04-27T15:44:56","modified_gmt":"2025-04-27T15:44:56","slug":"silvia-lospennato-no-puedo-creer-que-adorni-haya-admitido-que-perder-con-el-kirchnerismo-seria-un-buen-resultado","status":"publish","type":"post","link":"https:\/\/pasahoy.com.ar\/ph\/silvia-lospennato-no-puedo-creer-que-adorni-haya-admitido-que-perder-con-el-kirchnerismo-seria-un-buen-resultado\/","title":{"rendered":"Silvia Lospennato: \u201cNo puedo creer que Adorni haya admitido que perder con el kirchnerismo ser\u00eda un buen resultado\u201d"},"content":{"rendered":"\n<p>la candidata a legisladora de Pro cuestiona a su adversario de LLA y responsabiliza a los Milei por la divisi\u00f3n en la Capital<\/p>\n\n\n\n<p><strong>Silvia Lospennato<\/strong>&nbsp;carga una mochila pesada desde que acept\u00f3 la propuesta de&nbsp;<strong>Mauricio Macri<\/strong>&nbsp;para ser la cabeza de lista de Pro. Es que su performance en las elecciones porte\u00f1as del 18 de mayo sellar\u00e1 la suerte nacional del macrismo de cara a la enredada negociaci\u00f3n con La Libertad Avanza (<strong>LLA<\/strong>) para converger en octubre.<\/p>\n\n\n\n<p>Pese a que la compulsa en la Capital se la ha puesto muy dif\u00edcil a Pro por la proliferaci\u00f3n de frentes de las distintas vertientes de la derecha, la diputada nacional conf\u00eda en que podr\u00e1 remontar y evitar una derrota del macrismo en su emblem\u00e1tico basti\u00f3n.<\/p>\n\n\n\n<p>La puja de poder que se desat\u00f3 entre los hermanos<strong>&nbsp;Milei<\/strong>&nbsp;y los primos Macri la obliga a un complejo equilibrio. De a ratos asume que la competencia fuerte y real ser\u00e1 con&nbsp;<strong>Manuel Adorni<\/strong>&nbsp;(LLA), pero elige como oponente al retador que plant\u00f3 el kirchnerismo,&nbsp;<strong>Leandro Santoro (PJ)<\/strong>, quien lidera la mayor\u00eda de los sondeos.<\/p>\n\n\n\n<p>Si bien toma distancia de la Casa Rosada, Lospennato cuida el tono a la hora de discrepar con el presidente&nbsp;<strong>Javier Milei<\/strong>&nbsp;o marcar las diferencias entre Pro y LLA. En la era de la pol\u00edtica del&nbsp;<em>like<\/em>, una herramienta que los libertarios controlan con eficacia,<em>&nbsp;s<\/em>u libreto se mantiene intacto: busca resaltar el perfil institucional y la capacidad de gesti\u00f3n del partido amarillo en la ciudad, donde el macrismo gobierna desde 2007. Apela a la nostalgia de los porte\u00f1os para generar un efecto revulsivo en el electorado que le permita mejorar de forma decisiva el resultado de su partido.&nbsp;<strong>\u201cNo puedo creer que Adorni haya admitido que perder con el kirchnerismo ser\u00eda un buen resultado\u201d<\/strong>, exclama, antes de saltar de su asiento como con un resorte.<\/p>\n\n\n\n<figure class=\"wp-block-gallery has-nested-images columns-default is-cropped wp-block-gallery-1 is-layout-flex wp-block-gallery-is-layout-flex\">\n<figure class=\"wp-block-image size-large\"><img loading=\"lazy\" decoding=\"async\" width=\"1024\" height=\"576\" data-id=\"1289\" src=\"https:\/\/pasahoy.com.ar\/ph\/wp-content\/uploads\/2025\/04\/cnne-1422577-silvia-lospenatto-1024x576.jpeg\" alt=\"\" class=\"wp-image-1289\" srcset=\"https:\/\/pasahoy.com.ar\/ph\/wp-content\/uploads\/2025\/04\/cnne-1422577-silvia-lospenatto-1024x576.jpeg 1024w, https:\/\/pasahoy.com.ar\/ph\/wp-content\/uploads\/2025\/04\/cnne-1422577-silvia-lospenatto-300x169.jpeg 300w, https:\/\/pasahoy.com.ar\/ph\/wp-content\/uploads\/2025\/04\/cnne-1422577-silvia-lospenatto-768x432.jpeg 768w, https:\/\/pasahoy.com.ar\/ph\/wp-content\/uploads\/2025\/04\/cnne-1422577-silvia-lospenatto.jpeg 1480w\" sizes=\"auto, (max-width: 1024px) 100vw, 1024px\" \/><\/figure>\n<\/figure>\n","protected":false},"excerpt":{"rendered":"<p>la candidata a legisladora de Pro cuestiona a su adversario de LLA y responsabiliza a los Milei por la divisi\u00f3n en la Capital Silvia Lospennato&nbsp;carga una mochila pesada desde que acept\u00f3 la propuesta de&nbsp;Mauricio Macri&nbsp;para ser la cabeza de lista de Pro. Es que su performance en las elecciones porte\u00f1as del 18 de mayo sellar\u00e1 [&hellip;]<\/p>\n","protected":false},"author":3,"featured_media":1289,"comment_status":"open","ping_status":"open","sticky":false,"template":"","format":"standard","meta":{"_jetpack_memberships_contains_paid_content":false,"footnotes":""},"categories":[2],"tags":[],"class_list":["post-1288","post","type-post","status-publish","format-standard","has-post-thumbnail","hentry","category-nacional"],"jetpack_featured_media_url":"https:\/\/pasahoy.com.ar\/ph\/wp-content\/uploads\/2025\/04\/cnne-1422577-silvia-lospenatto.jpeg","jetpack_sharing_enabled":true,"_links":{"self":[{"href":"https:\/\/pasahoy.com.ar\/ph\/wp-json\/wp\/v2\/posts\/1288","targetHints":{"allow":["GET"]}}],"collection":[{"href":"https:\/\/pasahoy.com.ar\/ph\/wp-json\/wp\/v2\/posts"}],"about":[{"href":"https:\/\/pasahoy.com.ar\/ph\/wp-json\/wp\/v2\/types\/post"}],"author":[{"embeddable":true,"href":"https:\/\/pasahoy.com.ar\/ph\/wp-json\/wp\/v2\/users\/3"}],"replies":[{"embeddable":true,"href":"https:\/\/pasahoy.com.ar\/ph\/wp-json\/wp\/v2\/comments?post=1288"}],"version-history":[{"count":1,"href":"https:\/\/pasahoy.com.ar\/ph\/wp-json\/wp\/v2\/posts\/1288\/revisions"}],"predecessor-version":[{"id":1290,"href":"https:\/\/pasahoy.com.ar\/ph\/wp-json\/wp\/v2\/posts\/1288\/revisions\/1290"}],"wp:featuredmedia":[{"embeddable":true,"href":"https:\/\/pasahoy.com.ar\/ph\/wp-json\/wp\/v2\/media\/1289"}],"wp:attachment":[{"href":"https:\/\/pasahoy.com.ar\/ph\/wp-json\/wp\/v2\/media?parent=1288"}],"wp:term":[{"taxonomy":"category","embeddable":true,"href":"https:\/\/pasahoy.com.ar\/ph\/wp-json\/wp\/v2\/categories?post=1288"},{"taxonomy":"post_tag","embeddable":true,"href":"https:\/\/pasahoy.com.ar\/ph\/wp-json\/wp\/v2\/tags?post=1288"}],"curies":[{"name":"wp","href":"https:\/\/api.w.org\/{rel}","templated":true}]}}