{"id":1283,"date":"2025-04-27T15:30:13","date_gmt":"2025-04-27T15:30:13","guid":{"rendered":"https:\/\/pasahoy.com.ar\/ph\/?p=1283"},"modified":"2025-04-27T15:34:35","modified_gmt":"2025-04-27T15:34:35","slug":"tras-la-derrota-del-real-madrid-ancelotti-estaria-a-un-paso-de-dirigir-a-brasil","status":"publish","type":"post","link":"https:\/\/pasahoy.com.ar\/ph\/tras-la-derrota-del-real-madrid-ancelotti-estaria-a-un-paso-de-dirigir-a-brasil\/","title":{"rendered":"Tras la derrota del Real Madrid, Ancelotti estar\u00eda a un paso de dirigir a Brasil"},"content":{"rendered":"\n<p>El DT del Merengue viene de quedar segundo en la Copa Del Rey tras el 3-2 a favor del Barcelona en la final.<br>En un partidazo repleto de emociones, el Barcelona le gan\u00f3 3-2 al Real Madrid en el alargue de la final de la Copa del Rey y el conjunto Cul\u00e9 profundiz\u00f3 la crisis del Merengue y el entrenador&nbsp;<strong>Carlo Ancelotti<\/strong>&nbsp;habl\u00f3 de la posibilidad de una salida en medio de los rumores que lo vinculan con la Selecci\u00f3n de Brasil.<\/p>\n\n\n\n<p>\u00abPuedo seguir, puedo parar. Ser\u00e1 un tema de las pr\u00f3ximas semanas, no de hoy\u00bb, respondi\u00f3 el director t\u00e9cnico italiano ante una pregunta sobre si ten\u00eda fuerzas para seguir, con&nbsp;<strong>Xabi Alonso<\/strong>&nbsp;al acecho como un candidato a reemplazarlo. Del otro lado del mundo, medios brasile\u00f1os aseguran que Ancelotti est\u00e1 en plenas tentativas para suceder a&nbsp;<strong>Dorival Junior<\/strong>, a quien corrieron de Brasil tras la dura derrota contra Argentina.<\/p>\n\n\n\n<figure class=\"wp-block-gallery has-nested-images columns-default is-cropped wp-block-gallery-1 is-layout-flex wp-block-gallery-is-layout-flex\"><\/figure>\n\n\n\n<p>El corresponsal brasile\u00f1o mencion\u00f3: \u00abLa CBF tiene pr\u00e1cticamente seguro que Carlo Ancelotti ser\u00e1 contratado como entrenador de la selecci\u00f3n nacional.&nbsp;Las negociaciones con el actual entrenador del Real Madrid han avanzado. Pero la previsi\u00f3n es que no se anuncie nada hasta finales de este mes. Sin embargo, la CBF no confirma que existan siquiera conversaciones entre las partes\u00bb.<\/p>\n\n\n\n<p>De concretarse el v\u00ednculo ser\u00eda hasta el Mundial 2026 y reportar\u00eda un salario anual de 11 millones de euros. La intenci\u00f3n es que Ancelotti comience su ciclo al frente de la Verdeamarela en los partidos de Eliminatorias Sudamericanas frente a Ecuador y Paraguay, en la previa al Mundial de Clubes.<\/p>\n\n\n\n<figure class=\"wp-block-gallery has-nested-images columns-default is-cropped wp-block-gallery-2 is-layout-flex wp-block-gallery-is-layout-flex\">\n<figure class=\"wp-block-image size-large\"><img loading=\"lazy\" decoding=\"async\" width=\"700\" height=\"394\" data-id=\"1286\" src=\"https:\/\/pasahoy.com.ar\/ph\/wp-content\/uploads\/2025\/04\/6800fcc07c5bb_700_394-1.webp\" alt=\"\" class=\"wp-image-1286\" srcset=\"https:\/\/pasahoy.com.ar\/ph\/wp-content\/uploads\/2025\/04\/6800fcc07c5bb_700_394-1.webp 700w, https:\/\/pasahoy.com.ar\/ph\/wp-content\/uploads\/2025\/04\/6800fcc07c5bb_700_394-1-300x169.webp 300w\" sizes=\"auto, (max-width: 700px) 100vw, 700px\" \/><\/figure>\n<\/figure>\n","protected":false},"excerpt":{"rendered":"<p>El DT del Merengue viene de quedar segundo en la Copa Del Rey tras el 3-2 a favor del Barcelona en la final.En un partidazo repleto de emociones, el Barcelona le gan\u00f3 3-2 al Real Madrid en el alargue de la final de la Copa del Rey y el conjunto Cul\u00e9 profundiz\u00f3 la crisis del [&hellip;]<\/p>\n","protected":false},"author":3,"featured_media":1286,"comment_status":"open","ping_status":"open","sticky":false,"template":"","format":"standard","meta":{"_jetpack_memberships_contains_paid_content":false,"footnotes":""},"categories":[4],"tags":[],"class_list":["post-1283","post","type-post","status-publish","format-standard","has-post-thumbnail","hentry","category-deporte"],"jetpack_featured_media_url":"https:\/\/pasahoy.com.ar\/ph\/wp-content\/uploads\/2025\/04\/6800fcc07c5bb_700_394-1.webp","jetpack_sharing_enabled":true,"_links":{"self":[{"href":"https:\/\/pasahoy.com.ar\/ph\/wp-json\/wp\/v2\/posts\/1283","targetHints":{"allow":["GET"]}}],"collection":[{"href":"https:\/\/pasahoy.com.ar\/ph\/wp-json\/wp\/v2\/posts"}],"about":[{"href":"https:\/\/pasahoy.com.ar\/ph\/wp-json\/wp\/v2\/types\/post"}],"author":[{"embeddable":true,"href":"https:\/\/pasahoy.com.ar\/ph\/wp-json\/wp\/v2\/users\/3"}],"replies":[{"embeddable":true,"href":"https:\/\/pasahoy.com.ar\/ph\/wp-json\/wp\/v2\/comments?post=1283"}],"version-history":[{"count":2,"href":"https:\/\/pasahoy.com.ar\/ph\/wp-json\/wp\/v2\/posts\/1283\/revisions"}],"predecessor-version":[{"id":1287,"href":"https:\/\/pasahoy.com.ar\/ph\/wp-json\/wp\/v2\/posts\/1283\/revisions\/1287"}],"wp:featuredmedia":[{"embeddable":true,"href":"https:\/\/pasahoy.com.ar\/ph\/wp-json\/wp\/v2\/media\/1286"}],"wp:attachment":[{"href":"https:\/\/pasahoy.com.ar\/ph\/wp-json\/wp\/v2\/media?parent=1283"}],"wp:term":[{"taxonomy":"category","embeddable":true,"href":"https:\/\/pasahoy.com.ar\/ph\/wp-json\/wp\/v2\/categories?post=1283"},{"taxonomy":"post_tag","embeddable":true,"href":"https:\/\/pasahoy.com.ar\/ph\/wp-json\/wp\/v2\/tags?post=1283"}],"curies":[{"name":"wp","href":"https:\/\/api.w.org\/{rel}","templated":true}]}}